{"id":31527,"date":"2026-03-10T07:08:47","date_gmt":"2026-03-10T06:08:47","guid":{"rendered":"https:\/\/assemblee.bi\/?p=31527"},"modified":"2026-03-10T07:08:47","modified_gmt":"2026-03-10T06:08:47","slug":"cloture-solennelle-de-la-session-parlementaire-ordinaire-de-decembre-2025","status":"publish","type":"post","link":"https:\/\/assemblee.bi\/?p=31527","title":{"rendered":"Cl\u00f4ture solennelle de la session parlementaire ordinaire de d\u00e9cembre 2025"},"content":{"rendered":"<article style=\"font-family: Arial, sans-serif; line-height: 1.6; color: #333; max-width: 800px; margin: auto;\">L&rsquo;Assembl\u00e9e nationale r\u00e9it\u00e8re ses sinc\u00e8res f\u00e9licitations au Chef de l&rsquo;\u00c9tat, <strong>Son Excellence Evariste Ndayishimiye<\/strong>, pour ses nouvelles fonctions de Pr\u00e9sident en exercice de l&rsquo;Union africaine. Elle lui renouvelle en outre son soutien sans faille dans l&rsquo;accomplissement de cette noble et importante mission africaine.<\/p>\n<p>C&rsquo;est ce qu&rsquo;a d\u00e9clar\u00e9, le vendredi 27 f\u00e9vrier 2026, le Pr\u00e9sident de l&rsquo;Assembl\u00e9e nationale. Le <strong>Tr\u00e8s Honorable Gelase Daniel Ndabirabe<\/strong>, qui s&rsquo;exprimait lors de la cl\u00f4ture solennelle de la session parlementaire ordinaire de d\u00e9cembre 2025, a \u00e9galement dress\u00e9 le bilan du travail abattu au cours de cette deuxi\u00e8me session parlementaire ordinaire de la l\u00e9gislature 2025-2030.<\/p>\n<hr style=\"border: 0; height: 1px; background: #eee; margin: 20px 0;\" \/>\n<h3 style=\"color: #2c3e50;\">Bilan l\u00e9gislatif<\/h3>\n<p>Sur le plan l\u00e9gislatif, au total, six (6) projets de lois ont \u00e9t\u00e9 analys\u00e9s et adopt\u00e9s, en l&rsquo;occurrence le projet de loi portant ratification par la R\u00e9publique du Burundi de l&rsquo;accord de coop\u00e9ration dans le domaine de l&rsquo;\u00e9nergie entre le Gouvernement de la R\u00e9publique du Burundi et le Gouvernement du Royaume du Maroc, sign\u00e9 le 12 mai 2025, \u00e0 Rabat.<\/p>\n<p>Tout en saluant la franche collaboration des membres du Gouvernement lors de l&rsquo;analyse de ces projets de lois, l&rsquo;Assembl\u00e9e nationale leur exprime aussi sa reconnaissance lors des s\u00e9ances des questions orales avec d\u00e9bat.<\/p>\n<h3 style=\"color: #2c3e50;\">Repr\u00e9sentation du peuple<\/h3>\n<p>En mati\u00e8re de repr\u00e9sentation du peuple, l&rsquo;Assembl\u00e9e nationale s&rsquo;est jointe \u00e0 la population et aux institutions de l&rsquo;\u00c9tat au cours de plusieurs activit\u00e9s. Citons notamment :<\/p>\n<ul>\n<li>La c\u00e9r\u00e9monie de prestation de serment de deux membres du Gouvernement ;<\/li>\n<li>L&rsquo;accomplissement des travaux de d\u00e9veloppement communautaire ;<\/li>\n<li>La c\u00e9l\u00e9bration du 35\u00e8me anniversaire de l&rsquo;adoption de la Charte de l&rsquo;Unit\u00e9 Nationale.<\/li>\n<\/ul>\n<h3 style=\"color: #2c3e50;\">Diplomatie parlementaire<\/h3>\n<p>Au sujet de la diplomatie parlementaire, non seulement le Pr\u00e9sident de l&rsquo;Assembl\u00e9e nationale, le Tr\u00e8s Honorable Gelase Daniel Ndabirabe, a re\u00e7u en audience le Pr\u00e9sident de la Commission de la Communaut\u00e9 \u00c9conomique des \u00c9tats de l&rsquo;Afrique Centrale (CEEAC) et l&rsquo;Ambassadeur de la R\u00e9publique de Turquie au Burundi, mais l&rsquo;Assembl\u00e9e nationale n&rsquo;a pas non plus manqu\u00e9 de d\u00e9p\u00eacher des d\u00e9l\u00e9gations \u00e0 l&rsquo;\u00e9tranger.<\/p>\n<p>Ces missions visaient \u00e0 consolider les liens d&rsquo;amiti\u00e9 et de coop\u00e9ration avec les parlements des pays amis du Burundi, aussi bien dans le cadre bilat\u00e9ral que multilat\u00e9ral. Par ailleurs, les rapports des missions effectu\u00e9es par les honorables d\u00e9put\u00e9s ont fait l&rsquo;objet de s\u00e9ances pl\u00e9ni\u00e8res.<\/p>\n<p>Le Pr\u00e9sident de l&rsquo;Assembl\u00e9e nationale a termin\u00e9 son discours en sugg\u00e9rant aux honorables d\u00e9put\u00e9s de profiter de ce moment de r\u00e9pit pour se rapprocher de leur \u00e9lectorat.<\/p>\n<div class=\"image-container\" style=\"display: flex; justify-content: space-between; gap: 10px; margin: 30px 0;\">\n<div style=\"flex: 1;\"><img fetchpriority=\"high\" decoding=\"async\" width=\"2560\" height=\"1707\" class=\"wp-image-31529\" style=\"width: 100%; height: auto; border-radius: 4px;\" src=\"https:\/\/assemblee.bi\/wp-content\/uploads\/2026\/03\/6R3A4096-scaled.jpg\" alt=\"C\u00e9r\u00e9monie de cl\u00f4ture Assembl\u00e9e Nationale\" srcset=\"https:\/\/assemblee.bi\/wp-content\/uploads\/2026\/03\/6R3A4096-scaled.jpg 2560w, https:\/\/assemblee.bi\/wp-content\/uploads\/2026\/03\/6R3A4096-300x200.jpg 300w, https:\/\/assemblee.bi\/wp-content\/uploads\/2026\/03\/6R3A4096-1024x683.jpg 1024w, https:\/\/assemblee.bi\/wp-content\/uploads\/2026\/03\/6R3A4096-768x512.jpg 768w, https:\/\/assemblee.bi\/wp-content\/uploads\/2026\/03\/6R3A4096-1536x1024.jpg 1536w, https:\/\/assemblee.bi\/wp-content\/uploads\/2026\/03\/6R3A4096-2048x1365.jpg 2048w, https:\/\/assemblee.bi\/wp-content\/uploads\/2026\/03\/6R3A4096-600x400.jpg 600w, https:\/\/assemblee.bi\/wp-content\/uploads\/2026\/03\/6R3A4096-750x500.jpg 750w, https:\/\/assemblee.bi\/wp-content\/uploads\/2026\/03\/6R3A4096-1140x760.jpg 1140w\" sizes=\"(max-width: 2560px) 100vw, 2560px\" \/><\/div>\n<div style=\"flex: 1;\"><img decoding=\"async\" width=\"2560\" height=\"1707\" class=\"wp-image-31530\" style=\"width: 100%; height: auto; border-radius: 4px;\" src=\"https:\/\/assemblee.bi\/wp-content\/uploads\/2026\/03\/6R3A4106-scaled.jpg\" alt=\"Vue de la session parlementaire\" srcset=\"https:\/\/assemblee.bi\/wp-content\/uploads\/2026\/03\/6R3A4106-scaled.jpg 2560w, https:\/\/assemblee.bi\/wp-content\/uploads\/2026\/03\/6R3A4106-300x200.jpg 300w, https:\/\/assemblee.bi\/wp-content\/uploads\/2026\/03\/6R3A4106-1024x683.jpg 1024w, https:\/\/assemblee.bi\/wp-content\/uploads\/2026\/03\/6R3A4106-768x512.jpg 768w, https:\/\/assemblee.bi\/wp-content\/uploads\/2026\/03\/6R3A4106-1536x1024.jpg 1536w, https:\/\/assemblee.bi\/wp-content\/uploads\/2026\/03\/6R3A4106-2048x1365.jpg 2048w, https:\/\/assemblee.bi\/wp-content\/uploads\/2026\/03\/6R3A4106-600x400.jpg 600w, https:\/\/assemblee.bi\/wp-content\/uploads\/2026\/03\/6R3A4106-750x500.jpg 750w, https:\/\/assemblee.bi\/wp-content\/uploads\/2026\/03\/6R3A4106-1140x760.jpg 1140w\" sizes=\"(max-width: 2560px) 100vw, 2560px\" \/><\/div>\n<\/div>\n<p style=\"font-style: italic; background: #f9f9f9; padding: 15px; border-left: 5px solid #2c3e50;\">Les personnalit\u00e9s de marque issues de diff\u00e9rents horizons avaient pris part \u00e0 cette c\u00e9r\u00e9monie. C&rsquo;est en l&rsquo;occurrence le Pr\u00e9sident de la Cour supr\u00eame, les membres du Gouvernement, les repr\u00e9sentants des corps diplomatique et consulaire, ainsi que les hauts grad\u00e9s des corps de d\u00e9fense et de la police nationale.<\/p>\n<\/article>\n","protected":false},"excerpt":{"rendered":"<p>L&rsquo;Assembl\u00e9e nationale r\u00e9it\u00e8re ses sinc\u00e8res f\u00e9licitations au Chef de l&rsquo;\u00c9tat, Son Excellence Evariste Ndayishimiye, pour ses nouvelles fonctions de Pr\u00e9sident en exercice de l&rsquo;Union africaine. Elle lui renouvelle en outre [&hellip;]<\/p>\n","protected":false},"author":4,"featured_media":31528,"comment_status":"closed","ping_status":"open","sticky":false,"template":"","format":"standard","meta":{"give_campaign_id":0,"inline_featured_image":false,"footnotes":""},"categories":[121,139,25],"tags":[],"class_list":["post-31527","post","type-post","status-publish","format-standard","has-post-thumbnail","hentry","category-ceremonies-officielles","category-session-parlementaire","category-actualites-assemblee"],"_links":{"self":[{"href":"https:\/\/assemblee.bi\/index.php?rest_route=\/wp\/v2\/posts\/31527","targetHints":{"allow":["GET"]}}],"collection":[{"href":"https:\/\/assemblee.bi\/index.php?rest_route=\/wp\/v2\/posts"}],"about":[{"href":"https:\/\/assemblee.bi\/index.php?rest_route=\/wp\/v2\/types\/post"}],"author":[{"embeddable":true,"href":"https:\/\/assemblee.bi\/index.php?rest_route=\/wp\/v2\/users\/4"}],"replies":[{"embeddable":true,"href":"https:\/\/assemblee.bi\/index.php?rest_route=%2Fwp%2Fv2%2Fcomments&post=31527"}],"version-history":[{"count":1,"href":"https:\/\/assemblee.bi\/index.php?rest_route=\/wp\/v2\/posts\/31527\/revisions"}],"predecessor-version":[{"id":31532,"href":"https:\/\/assemblee.bi\/index.php?rest_route=\/wp\/v2\/posts\/31527\/revisions\/31532"}],"wp:featuredmedia":[{"embeddable":true,"href":"https:\/\/assemblee.bi\/index.php?rest_route=\/wp\/v2\/media\/31528"}],"wp:attachment":[{"href":"https:\/\/assemblee.bi\/index.php?rest_route=%2Fwp%2Fv2%2Fmedia&parent=31527"}],"wp:term":[{"taxonomy":"category","embeddable":true,"href":"https:\/\/assemblee.bi\/index.php?rest_route=%2Fwp%2Fv2%2Fcategories&post=31527"},{"taxonomy":"post_tag","embeddable":true,"href":"https:\/\/assemblee.bi\/index.php?rest_route=%2Fwp%2Fv2%2Ftags&post=31527"}],"curies":[{"name":"wp","href":"https:\/\/api.w.org\/{rel}","templated":true}]}}