{"id":30901,"date":"2025-08-07T13:14:24","date_gmt":"2025-08-07T11:14:24","guid":{"rendered":"https:\/\/assemblee.bi\/?p=30901"},"modified":"2025-08-13T11:19:04","modified_gmt":"2025-08-13T09:19:04","slug":"legislature-2025-2030","status":"publish","type":"post","link":"https:\/\/assemblee.bi\/?p=30901","title":{"rendered":"Le bureau de l&rsquo;Assembl\u00e9e nationale pour la l\u00e9gislature 2025-2030"},"content":{"rendered":"<div class=\"elementor-element elementor-element-14a22d0a elementor-widget elementor-widget-theme-post-title elementor-page-title elementor-widget-heading\" data-id=\"14a22d0a\" data-element_type=\"widget\" data-widget_type=\"theme-post-title.default\">\n<div class=\"elementor-widget-container\">\n<h1 class=\"elementor-heading-title elementor-size-default\"><span style=\"font-size: 16px;\">Le Bureau est compos\u00e9 d\u2019un Pr\u00e9sident, d\u2019un Premier Vice-Pr\u00e9sident et d\u2019un Deuxi\u00e8me Vice-Pr\u00e9sident.<\/span><\/h1>\n<\/div>\n<\/div>\n<div class=\"elementor-element elementor-element-6ee606bc elementor-widget elementor-widget-theme-post-content\" data-id=\"6ee606bc\" data-element_type=\"widget\" data-widget_type=\"theme-post-content.default\">\n<div class=\"elementor-widget-container\">\n<p><strong>Le Pr\u00e9sident\u00a0:<\/strong><strong>\u00a0Honorable Gelase Daniel NDABIRABE<\/strong><\/p>\n<p>Le Pr\u00e9sident repr\u00e9sente l\u2019Assembl\u00e9e Nationale au plus haut niveau aupr\u00e8s du Gouvernement, des tiers et de la communaut\u00e9 internationale. Le Pr\u00e9sident coordonne les activit\u00e9s du Bureau, nomme les hauts cadres du Cabinet et de l\u2019Administration, fait \u00e9laborer les actions de l\u2019Assembl\u00e9e Nationale concernant le travail parlementaire et pr\u00e9side aux d\u00e9bats en s\u00e9ances pl\u00e9ni\u00e8res. Il s\u2019occupe \u00e9galement de la s\u00e9curit\u00e9 dans l\u2019enceinte de l\u2019Assembl\u00e9e.<span id=\"more-20505\"><\/span><\/p>\n<p><strong>Le Premier Vice-Pr\u00e9sident\u00a0:<\/strong>\u00a0<strong>Honorable Fabrice NKURUNZIZA<\/strong><\/p>\n<p>Le Premier Vice-Pr\u00e9sident initie et fait le suivi de tous les projets et dossiers du domaine politique et de la communication, des relations internationales et de la coop\u00e9ration.<\/p>\n<p><strong>Le Deuxi\u00e8me Vice-Pr\u00e9sident<\/strong>\u00a0:\u00a0<strong>Honorable Boussessia NKEZIMANA<\/strong><\/p>\n<p>Le Deuxi\u00e8me Vice-Pr\u00e9sident assure le suivi des activit\u00e9s l\u00e9gislatives, juridiques et administratives de l\u2019ex\u00e9cution du budget et du contr\u00f4le des services financiers.<\/p>\n<\/div>\n<\/div>\n","protected":false},"excerpt":{"rendered":"<p>Le Bureau est compos\u00e9 d\u2019un Pr\u00e9sident, d\u2019un Premier Vice-Pr\u00e9sident et d\u2019un Deuxi\u00e8me Vice-Pr\u00e9sident. Le Pr\u00e9sident\u00a0:\u00a0Honorable Gelase Daniel NDABIRABE Le Pr\u00e9sident repr\u00e9sente l\u2019Assembl\u00e9e Nationale au plus haut niveau aupr\u00e8s du Gouvernement, [&hellip;]<\/p>\n","protected":false},"author":4,"featured_media":0,"comment_status":"closed","ping_status":"open","sticky":false,"template":"","format":"standard","meta":{"give_campaign_id":0,"inline_featured_image":false,"footnotes":""},"categories":[109,178],"tags":[],"class_list":["post-30901","post","type-post","status-publish","format-standard","hentry","category-bureau","category-legislature-2025-2030"],"_links":{"self":[{"href":"https:\/\/assemblee.bi\/index.php?rest_route=\/wp\/v2\/posts\/30901","targetHints":{"allow":["GET"]}}],"collection":[{"href":"https:\/\/assemblee.bi\/index.php?rest_route=\/wp\/v2\/posts"}],"about":[{"href":"https:\/\/assemblee.bi\/index.php?rest_route=\/wp\/v2\/types\/post"}],"author":[{"embeddable":true,"href":"https:\/\/assemblee.bi\/index.php?rest_route=\/wp\/v2\/users\/4"}],"replies":[{"embeddable":true,"href":"https:\/\/assemblee.bi\/index.php?rest_route=%2Fwp%2Fv2%2Fcomments&post=30901"}],"version-history":[{"count":2,"href":"https:\/\/assemblee.bi\/index.php?rest_route=\/wp\/v2\/posts\/30901\/revisions"}],"predecessor-version":[{"id":30986,"href":"https:\/\/assemblee.bi\/index.php?rest_route=\/wp\/v2\/posts\/30901\/revisions\/30986"}],"wp:attachment":[{"href":"https:\/\/assemblee.bi\/index.php?rest_route=%2Fwp%2Fv2%2Fmedia&parent=30901"}],"wp:term":[{"taxonomy":"category","embeddable":true,"href":"https:\/\/assemblee.bi\/index.php?rest_route=%2Fwp%2Fv2%2Fcategories&post=30901"},{"taxonomy":"post_tag","embeddable":true,"href":"https:\/\/assemblee.bi\/index.php?rest_route=%2Fwp%2Fv2%2Ftags&post=30901"}],"curies":[{"name":"wp","href":"https:\/\/api.w.org\/{rel}","templated":true}]}}