{"id":30703,"date":"2019-07-31T10:43:19","date_gmt":"2019-07-31T08:43:19","guid":{"rendered":"https:\/\/assemblee.bi\/?p=30703"},"modified":"2025-07-21T10:45:50","modified_gmt":"2025-07-21T08:45:50","slug":"conference-exceptionnelle-des-honorables-deputes-et-senateurs-du-burundi","status":"publish","type":"post","link":"https:\/\/assemblee.bi\/?p=30703","title":{"rendered":"Conf\u00e9rence exceptionnelle des Honorables D\u00e9putes et S\u00e9nateurs du Burundi"},"content":{"rendered":"<p>Lundi le 29 juillet 2019, le Pr\u00e9sident de l\u2019Assembl\u00e9e Nationale, Tr\u00e8s Honorable Pascal NYABENDA a ouvert \u00e0 Bujumbura une Conf\u00e9rence exceptionnelle des Honorables parlementaires et les fonctionnaires du Parlement burundais par l\u2019organisation African Leadership and Reconciliation Ministries (ALARM en sigle). La conf\u00e9rence portait sur le th\u00e8me : \u00ab Leader serviteur et transformationnel \u00bb.<\/p>\n<dl class=\"spip_document_4928 spip_documents spip_documents_left\">\n<dt><img fetchpriority=\"high\" decoding=\"async\" class=\"alignleft\" src=\"https:\/\/assemblee.bi\/archive\/local\/cache-vignettes\/L448xH239\/01-5-dcd3e.jpg?1753083654\" alt=\"\" width=\"448\" height=\"239\" \/><\/dt>\n<\/dl>\n<p>Le Repr\u00e9sentant L\u00e9gal de l\u2019ALARM au Burundi, Monsieur Deo NSHIMIRIMANA a saisi l\u2019occasion pour passer en revue les r\u00e9alisations de cette organisation. En effet, initi\u00e9e en 1996 au Kenya par le R\u00e9v\u00e9rend Docteur C\u00e9lestin MUSEKURA, ALARM a commenc\u00e9 ses activit\u00e9s au Burundi en 2002. Depuis lors, elle a r\u00e9alis\u00e9 pas mal d\u2019activit\u00e9s dont la formation des leaders religieux sur la gestion des \u00e9glises, l\u2019aide aux veuves et aux orphelins surtout pour la scolarit\u00e9 des enfants, l\u2019adduction en eau potable, la formation des magistrats en ce qui est de la justice tendant \u00e0 la r\u00e9conciliation, la formation des membres de la Police Nationale du Burundi et de la Force de D\u00e9fense Nationale du Burundi. Il a aussi fait savoir qu\u2019ALARM repose sur 3 piliers : le leadership au service du peuple, la promotion de la justice et de la paix ainsi que la r\u00e9conciliation et le changement social.<\/p>\n<dl class=\"spip_document_4930 spip_documents spip_documents_right\">\n<dt><img decoding=\"async\" class=\"alignright\" src=\"https:\/\/assemblee.bi\/archive\/local\/cache-vignettes\/L448xH239\/03-4-21aa5.jpg?1753083654\" alt=\"\" width=\"448\" height=\"239\" \/><\/dt>\n<\/dl>\n<p>L\u2019objectif principal de cette conf\u00e9rence \u00e0 l\u2019endroit des Honorables Parlementaires et les fonctionnaires du Parlement burundais est de les aider \u00e0 savoir que la bonne gouvernance d\u00e9pend du leadership serviteur parce que tout ce qu\u2019on organise dans notre pays se base sur ce leadership serviteur. Il a fait remarquer que dans le monde il y a deux puissances qui sont le temps et le changement. Qu\u2019on le veuille ou pas le temps passe et puis rien ne peut arr\u00eater le changement. Ces assises visaient aussi \u00e0 aider les participants pour que dans leurs plans, dans leurs activit\u00e9s, ils travaillent en fonction du facteur temps et en s\u2019adaptant au contexte du changement. Comme on chemine vers les \u00e9lections, les leaders ont besoin de se pr\u00e9parer \u00e0 ces moments importants pour le pays en se fondant sur le leadership serviteur. Apr\u00e8s les s\u00e9ances de formation, les participants ont travaill\u00e9 en groupes, qui ont \u00e9t\u00e9 suivi par des exposes, afin de r\u00e9capituler ce qu\u2019ils ont appris au cours de ladite conf\u00e9rence.<br \/>\n<br class=\"autobr\" \/>Selon le Pr\u00e9sident de l\u2019Assembl\u00e9e Nationale Pascal NYABENDA, le Burundi ainsi que d\u2019autres pays, ont besoin de telles organisations qui aident les leaders \u00e0 \u00eatre de bons exemples en se basant sur la parole de Dieu tir\u00e9e de Marc 10 :44-45 qui dit que quiconque veut \u00eatre le premier parmi vous, qu\u2019il soit l\u2019esclave de tous, car le fils de l\u2019homme est venu non pour \u00eatre servi, mais pour servir et donner sa vie comme la ran\u00e7on de plusieurs.<\/p>\n<dl class=\"spip_document_4929 spip_documents spip_documents_left\">\n<dt><img decoding=\"async\" class=\"alignleft\" src=\"https:\/\/assemblee.bi\/archive\/local\/cache-vignettes\/L448xH239\/031-38e7f.jpg?1753083654\" alt=\"\" width=\"448\" height=\"239\" \/><\/dt>\n<\/dl>\n<p>Le Num\u00e9ro Deux Burundais, au nom de l\u2019Assembl\u00e9e Nationale et du S\u00e9nat, a remerci\u00e9 l\u2019Organisation ALARM pour ses r\u00e9alisations dans diff\u00e9rents secteurs au Burundi, surtout des formations \u00e0 l\u2019endroit des leaders religieux, les associations f\u00e9minines, la jeunesse, les membres de la Force de D\u00e9fense Nationale et de la Police Nationale, les hommes d\u2019affaires et les Pr\u00e9sidents des partis politiques. Il esp\u00e8re qu\u2019apr\u00e8s cette formation, il y aura un r\u00e9el changement et a appel\u00e9 les Parlementaires \u00e0 toujours \u00eatre au service de leur \u00e9lectorat.<img loading=\"lazy\" decoding=\"async\" class=\"br-auto\" title=\"Retour ligne automatique\" src=\"https:\/\/assemblee.bi\/archive\/local\/cache-vignettes\/L10xH10\/br-auto-10-8beb9.png?1724097421\" alt=\"Retour ligne automatique\" width=\"10\" height=\"10\" \/><br class=\"autobr\" \/>Pour terminer, cette formation qui a dur\u00e9 deux jours a \u00e9t\u00e9 cl\u00f4tur\u00e9e par le Deuxi\u00e8me Vice-Pr\u00e9sident du S\u00e9nat du Burundi.<\/p>\n","protected":false},"excerpt":{"rendered":"<p>Lundi le 29 juillet 2019, le Pr\u00e9sident de l\u2019Assembl\u00e9e Nationale, Tr\u00e8s Honorable Pascal NYABENDA a ouvert \u00e0 Bujumbura une Conf\u00e9rence exceptionnelle des Honorables parlementaires et les fonctionnaires du Parlement burundais [&hellip;]<\/p>\n","protected":false},"author":4,"featured_media":30704,"comment_status":"closed","ping_status":"open","sticky":false,"template":"","format":"standard","meta":{"give_campaign_id":0,"inline_featured_image":false,"footnotes":""},"categories":[25],"tags":[],"class_list":["post-30703","post","type-post","status-publish","format-standard","has-post-thumbnail","hentry","category-actualites-assemblee"],"_links":{"self":[{"href":"https:\/\/assemblee.bi\/index.php?rest_route=\/wp\/v2\/posts\/30703","targetHints":{"allow":["GET"]}}],"collection":[{"href":"https:\/\/assemblee.bi\/index.php?rest_route=\/wp\/v2\/posts"}],"about":[{"href":"https:\/\/assemblee.bi\/index.php?rest_route=\/wp\/v2\/types\/post"}],"author":[{"embeddable":true,"href":"https:\/\/assemblee.bi\/index.php?rest_route=\/wp\/v2\/users\/4"}],"replies":[{"embeddable":true,"href":"https:\/\/assemblee.bi\/index.php?rest_route=%2Fwp%2Fv2%2Fcomments&post=30703"}],"version-history":[{"count":1,"href":"https:\/\/assemblee.bi\/index.php?rest_route=\/wp\/v2\/posts\/30703\/revisions"}],"predecessor-version":[{"id":30705,"href":"https:\/\/assemblee.bi\/index.php?rest_route=\/wp\/v2\/posts\/30703\/revisions\/30705"}],"wp:featuredmedia":[{"embeddable":true,"href":"https:\/\/assemblee.bi\/index.php?rest_route=\/wp\/v2\/media\/30704"}],"wp:attachment":[{"href":"https:\/\/assemblee.bi\/index.php?rest_route=%2Fwp%2Fv2%2Fmedia&parent=30703"}],"wp:term":[{"taxonomy":"category","embeddable":true,"href":"https:\/\/assemblee.bi\/index.php?rest_route=%2Fwp%2Fv2%2Fcategories&post=30703"},{"taxonomy":"post_tag","embeddable":true,"href":"https:\/\/assemblee.bi\/index.php?rest_route=%2Fwp%2Fv2%2Ftags&post=30703"}],"curies":[{"name":"wp","href":"https:\/\/api.w.org\/{rel}","templated":true}]}}