{"id":30440,"date":"2018-07-24T15:18:32","date_gmt":"2018-07-24T13:18:32","guid":{"rendered":"https:\/\/assemblee.bi\/?p=30440"},"modified":"2025-07-17T15:18:50","modified_gmt":"2025-07-17T13:18:50","slug":"formation-en-lobbying-plaidoyer-et-communication-non-violente-aux-femmes-parlementaires-et-aux-cadres-dappui-du-parlement","status":"publish","type":"post","link":"https:\/\/assemblee.bi\/?p=30440","title":{"rendered":"Formation en lobbying , plaidoyer, et communication non violente aux Femmes Parlementaires et aux cadres d\u2019appui du Parlement."},"content":{"rendered":"<p>Renforcer la capacit\u00e9 des Femmes Parlementaires en technique de lobbying et plaidoyer est l\u2019objectif principal d\u2019un atelier qui a \u00e9t\u00e9 organis\u00e9 en province Gitega du 17 au 20 juillet 2018, par l\u2019Association des Femmes Rapatri\u00e9es du Burundi, AFRABU . Cet atelier a \u00e9t\u00e9 organis\u00e9 \u00e0 l\u2019endroit des \u00e9lues et cadres d\u2019appui du Parlement. A part ces derni\u00e8res ,les femmes \u00e9lues au niveau ont aussi pris part \u00e0 cet atelier \u00e0 partir de la troisi\u00e8me journ\u00e9e.<\/p>\n<dl class=\"spip_document_4188 spip_documents spip_documents_left\">\n<dt><img fetchpriority=\"high\" decoding=\"async\" class=\"alignleft\" src=\"https:\/\/assemblee.bi\/archive\/local\/cache-vignettes\/L448xH239\/-2548-a70c7.jpg?1752757869\" alt=\"\" width=\"448\" height=\"239\" \/><\/dt>\n<\/dl>\n<p>Dans son mot d\u2019accueil, le conseiller principal du gouverneur de la dite province Monsieur Tatien NKURIKIYE a signal\u00e9 que toute la province est calme. Il a aussi appr\u00e9ci\u00e9 les activit\u00e9s men\u00e9es par cette Association des Femmes Rapatri\u00e9es du Burundi, AFRABU qui sont d\u2019une importance capitale aux femmes et aux jeunes cela leur permettront de contribuer au d\u00e9veloppement du pays sans oublier la consolidation de la paix et de la s\u00e9curit\u00e9.<\/p>\n<dl class=\"spip_document_4189 spip_documents spip_documents_left\">\n<dt><img decoding=\"async\" class=\"alignright\" src=\"https:\/\/assemblee.bi\/archive\/local\/cache-vignettes\/L442xH239\/-2549-d0051.jpg?1752757869\" alt=\"\" width=\"442\" height=\"239\" \/><\/dt>\n<\/dl>\n<p>Madame Jovithe NDAYISAVYE, charg\u00e9e des programmes \u00e0 l\u2019 AFRABU, a quant \u00e0 elle remerci\u00e9 le Parlement burundais qui a accept\u00e9 de s\u2019associer \u00e0 l\u2019AFRABU afin que cet atelier puisse \u00eatre fructueux tenant compte de la participation des Femmes \u00e9lues \u00e9lues . Durant les quatre jours les participants ont \u00e9t\u00e9 inform\u00e9es sur\u00a0<img decoding=\"async\" class=\"br-manuel\" title=\"Retour ligne manuel\" src=\"https:\/\/assemblee.bi\/archive\/local\/cache-vignettes\/L10xH10\/br-manuel-10-418b3.png?1724097421\" alt=\"Retour ligne manuel\" width=\"10\" height=\"10\" \/><br \/>\n<img loading=\"lazy\" decoding=\"async\" class=\"puce\" src=\"https:\/\/assemblee.bi\/archive\/local\/cache-vignettes\/L16xH14\/puce_prive-07a10.gif?1724097421\" alt=\"-\" width=\"16\" height=\"14\" \/>\u00a0le contenu de la R\u00e9solution 1325 du conseil de s\u00e9curit\u00e9 des Nations Unies, sur les femmes, la paix et la s\u00e9curit\u00e9\u00a0; et la R\u00e9solution 2250 du Conseil de s\u00e9curit\u00e9 des Nations Unies sur les jeunes, la paix et la s\u00e9curit\u00e9 et leurs plan d\u2019actions,\u00a0<img decoding=\"async\" class=\"br-manuel\" title=\"Retour ligne manuel\" src=\"https:\/\/assemblee.bi\/archive\/local\/cache-vignettes\/L10xH10\/br-manuel-10-418b3.png?1724097421\" alt=\"Retour ligne manuel\" width=\"10\" height=\"10\" \/><br \/>\n<img loading=\"lazy\" decoding=\"async\" class=\"puce\" src=\"https:\/\/assemblee.bi\/archive\/local\/cache-vignettes\/L16xH14\/puce_prive-07a10.gif?1724097421\" alt=\"-\" width=\"16\" height=\"14\" \/>\u00a0les strat\u00e9gies concr\u00e8tes pour am\u00e9liorer la pr\u00e9sence des femmes dans les instances de prise de d\u00e9cisions ont \u00e9t\u00e9 \u00e9labor\u00e9es et les \u00e9changes d\u2019exp\u00e9riences entre ces participants.<img loading=\"lazy\" decoding=\"async\" class=\"br-auto\" title=\"Retour ligne automatique\" src=\"https:\/\/assemblee.bi\/archive\/local\/cache-vignettes\/L10xH10\/br-auto-10-8beb9.png?1724097421\" alt=\"Retour ligne automatique\" width=\"10\" height=\"10\" \/><br class=\"autobr\" \/>Les deux premiers jours de formation ont \u00e9t\u00e9 consacr\u00e9s aux techniques de lobbying et plaidoyer, et la communication non violente.<\/p>\n<dl class=\"spip_document_4190 spip_documents spip_documents_right\">\n<dt><img loading=\"lazy\" decoding=\"async\" class=\"alignleft\" src=\"https:\/\/assemblee.bi\/archive\/local\/cache-vignettes\/L448xH239\/-2550-6e78d.jpg?1752757869\" alt=\"\" width=\"448\" height=\"239\" \/><\/dt>\n<\/dl>\n<p>Le consulta, madame Cl\u00e9m\u00e9nce BUNUNAGI, a expos\u00e9 sur la R\u00e9solutions 1325. Elle a d\u2019abord parl\u00e9 de l\u2019origine de l\u2019 \u2019in\u00e9galit\u00e9 entre les hommes et les femmes.\u00a0<img loading=\"lazy\" decoding=\"async\" class=\"br-auto\" title=\"Retour ligne automatique\" src=\"https:\/\/assemblee.bi\/archive\/local\/cache-vignettes\/L10xH10\/br-auto-10-8beb9.png?1724097421\" alt=\"Retour ligne automatique\" width=\"10\" height=\"10\" \/><br class=\"autobr\" \/>Selon elle,les caract\u00e9ristiques li\u00e9es au genre sont acquises apr\u00e8s la naissance, d\u00e9pendent de chaque soci\u00e9t\u00e9 et changent dans le temps et dans l\u2019espace.<\/p>\n<p>Le fait que les caract\u00e9ristiques \/r\u00f4les \/comp\u00e9tences des hommes et des femmes montrent une diff\u00e9rence entre ces deux genres ,de tout cela r\u00e9sulte la domination des hommes sur les femmes tels qu\u2019ils sont d\u00e9termin\u00e9s par la soci\u00e9t\u00e9 est inculqu\u00e9s aux hommes et aux femmes par le biais de l\u2019\u00e9ducation et de la socialisation.Malgr\u00e9 tout cela cette in\u00e9galit\u00e9 peut donc \u00eatre \u00e9radiqu\u00e9e.<\/p>\n<p>Le secr\u00e9taire de l\u2019ONU a pu identifier les pr\u00e9occupations des femmes pendant la guerre et pendant la p\u00e9riode post conflits. il ainsi signal\u00e9 que les femmes et les enfants sont eux qui subissent les cons\u00e9quences de la guerre ou tout autres conflits de caract\u00e8re social.\u00a0<img loading=\"lazy\" decoding=\"async\" class=\"br-auto\" title=\"Retour ligne automatique\" src=\"https:\/\/assemblee.bi\/archive\/local\/cache-vignettes\/L10xH10\/br-auto-10-8beb9.png?1724097421\" alt=\"Retour ligne automatique\" width=\"10\" height=\"10\" \/><br class=\"autobr\" \/>Sur ce m\u00eame th\u00e8me quelques d\u00e9finitions li\u00e9es \u00e0 la s\u00e9curit\u00e9 humaine ont \u00e9t\u00e9 \u00e9tablies pour voir si ces r\u00e9solutions pourront arriver au but fix\u00e9. Ainsi, parler de la s\u00e9curit\u00e9 humaine c\u2019est la s\u00e9curit\u00e9 \u00e9conomique, la s\u00e9curit\u00e9 alimentaire, la s\u00e9curit\u00e9 sanitaire, la s\u00e9curit\u00e9 environnementale, la s\u00e9curit\u00e9 personnelle, la s\u00e9curit\u00e9 communautaire et la s\u00e9curit\u00e9 politique. Comme les femmes et les jeunes sont vuln\u00e9rables lors des conflits, donc il n\u2019y a pas de s\u00e9curit\u00e9 pour eux.<\/p>\n<p>Dans la soci\u00e9t\u00e9 burundaise, contrairement \u00e0 la femme, l\u2019homme a g\u00e9n\u00e9ralement le contr\u00f4le des ressources et des b\u00e9n\u00e9fices parce qu\u2019il a droit \u00e0 la propri\u00e9t\u00e9 et \u00e0 l\u2019h\u00e9ritage et il a plus de possibilit\u00e9s de s\u2019occuper des activit\u00e9s salari\u00e9es ou procurant de l\u2019argent (emploi, commerce, artisanat).\u00a0<img loading=\"lazy\" decoding=\"async\" class=\"br-auto\" title=\"Retour ligne automatique\" src=\"https:\/\/assemblee.bi\/archive\/local\/cache-vignettes\/L10xH10\/br-auto-10-8beb9.png?1724097421\" alt=\"Retour ligne automatique\" width=\"10\" height=\"10\" \/><br class=\"autobr\" \/>Quant \u00e0 la femme , elle a des possibilit\u00e9s limit\u00e9es, car elle d\u00e9pend des hommes (p\u00e8re, fr\u00e8re, mari) pour satisfaire ses besoins, m\u00eame les plus \u00e9l\u00e9mentaires. Ces analyses montrent que la r\u00e9solution 1325 a des rancunes m\u00eame si ses piliers sont d\u00e9j\u00e0 connus : la pr\u00e9vention, la protection et les droits humains, la participation et la repr\u00e9sentation et le rel\u00e8vement \u00e9conomique.<\/p>\n<dl class=\"spip_document_4191 spip_documents spip_documents_right\">\n<dt><img loading=\"lazy\" decoding=\"async\" class=\"alignright\" src=\"https:\/\/assemblee.bi\/archive\/local\/cache-vignettes\/L448xH239\/-2551-dcfac.jpg?1752757869\" alt=\"\" width=\"448\" height=\"239\" \/><\/dt>\n<\/dl>\n<p>Les participants ont pu identifier les \u00e9tapes n\u00e9cessaires pour faire la plaidoirie. Pour mener \u00e0 bon port ce dernier , il faut d\u2019abord comprendre le processus d\u00e9cisionnel, se fixer un objectif, et faire une \u00e9tude des d\u00e9cideurs donc identifier les concern\u00e9s.\u00a0<img loading=\"lazy\" decoding=\"async\" class=\"br-auto\" title=\"Retour ligne automatique\" src=\"https:\/\/assemblee.bi\/archive\/local\/cache-vignettes\/L10xH10\/br-auto-10-8beb9.png?1724097421\" alt=\"Retour ligne automatique\" width=\"10\" height=\"10\" \/><br class=\"autobr\" \/>Concernant la communication, il faut connaitre les termes techniques qu\u2019il faut pour transmettre le message. Le message doit \u00eatre court et directe. Sans oublier l\u2019endroit qu\u2019il faut pour transmettre le message.<\/p>\n","protected":false},"excerpt":{"rendered":"<p>Renforcer la capacit\u00e9 des Femmes Parlementaires en technique de lobbying et plaidoyer est l\u2019objectif principal d\u2019un atelier qui a \u00e9t\u00e9 organis\u00e9 en province Gitega du 17 au 20 juillet 2018, [&hellip;]<\/p>\n","protected":false},"author":4,"featured_media":30441,"comment_status":"closed","ping_status":"open","sticky":false,"template":"","format":"standard","meta":{"give_campaign_id":0,"inline_featured_image":false,"footnotes":""},"categories":[25],"tags":[],"class_list":["post-30440","post","type-post","status-publish","format-standard","has-post-thumbnail","hentry","category-actualites-assemblee"],"_links":{"self":[{"href":"https:\/\/assemblee.bi\/index.php?rest_route=\/wp\/v2\/posts\/30440","targetHints":{"allow":["GET"]}}],"collection":[{"href":"https:\/\/assemblee.bi\/index.php?rest_route=\/wp\/v2\/posts"}],"about":[{"href":"https:\/\/assemblee.bi\/index.php?rest_route=\/wp\/v2\/types\/post"}],"author":[{"embeddable":true,"href":"https:\/\/assemblee.bi\/index.php?rest_route=\/wp\/v2\/users\/4"}],"replies":[{"embeddable":true,"href":"https:\/\/assemblee.bi\/index.php?rest_route=%2Fwp%2Fv2%2Fcomments&post=30440"}],"version-history":[{"count":1,"href":"https:\/\/assemblee.bi\/index.php?rest_route=\/wp\/v2\/posts\/30440\/revisions"}],"predecessor-version":[{"id":30442,"href":"https:\/\/assemblee.bi\/index.php?rest_route=\/wp\/v2\/posts\/30440\/revisions\/30442"}],"wp:featuredmedia":[{"embeddable":true,"href":"https:\/\/assemblee.bi\/index.php?rest_route=\/wp\/v2\/media\/30441"}],"wp:attachment":[{"href":"https:\/\/assemblee.bi\/index.php?rest_route=%2Fwp%2Fv2%2Fmedia&parent=30440"}],"wp:term":[{"taxonomy":"category","embeddable":true,"href":"https:\/\/assemblee.bi\/index.php?rest_route=%2Fwp%2Fv2%2Fcategories&post=30440"},{"taxonomy":"post_tag","embeddable":true,"href":"https:\/\/assemblee.bi\/index.php?rest_route=%2Fwp%2Fv2%2Ftags&post=30440"}],"curies":[{"name":"wp","href":"https:\/\/api.w.org\/{rel}","templated":true}]}}