{"id":29711,"date":"2015-03-03T08:21:30","date_gmt":"2015-03-03T07:21:30","guid":{"rendered":"https:\/\/assemblee.bi\/?p=29711"},"modified":"2025-06-20T08:23:18","modified_gmt":"2025-06-20T06:23:18","slug":"le-president-de-lassemblee-nationale-a-recu-en-audience-le-representant-special-du-secretaire-general-des-nations-unies-et-chef-de-la-mission-des-nations-unies-au-burundi-pour-lobser","status":"publish","type":"post","link":"https:\/\/assemblee.bi\/?p=29711","title":{"rendered":"Le Pr\u00e9sident de l\u2019Assembl\u00e9e Nationale a re\u00e7u en audience le Repr\u00e9sentant sp\u00e9cial du Secr\u00e9taire G\u00e9n\u00e9ral des Nations-Unies et Chef de la Mission des Nations Unies au Burundi pour l\u2019observation \u00e9lectorale, MENUB"},"content":{"rendered":"<table border=\"0\" cellspacing=\"0\" cellpadding=\"0\">\n<tbody>\n<tr>\n<td id=\"texte-article\">\n<div class=\"texte\">\n<p>D\u00e9finir la mission des Nations Unies au Burundi pour l\u2019observation \u00e9lectorale, MENUB, \u00e9changer sur la situation du Burundi \u00e0 la veille des \u00e9lections g\u00e9n\u00e9rales, discuter de l\u2019imp\u00e9ratif des \u00e9lections apais\u00e9es, telle est la teneur de l\u2019audience que le Pr\u00e9sident de l\u2019Assembl\u00e9e Nationale a accord\u00e9e le lundi 2 mars 2015 \u00e0 l\u2019envoy\u00e9 sp\u00e9cial du Secr\u00e9taire G\u00e9n\u00e9ral des Nations-Unies et Chef de la Mission des Nations Unies au Burundi pour l\u2019observation \u00e9lectorale, MENUB .<\/p>\n<p>L\u2019Ambassadeur Cassam Uteem l\u2019a d\u00e9clar\u00e9 \u00e0 la sortie de l\u2019audience et s\u2019est \u00e9galement r\u00e9joui de la promesse lui faite par le Pr\u00e9sident de l\u2019Assembl\u00e9e Nationale de signer une charte de non violence qui lui sera pr\u00e9sent\u00e9e par la MENUB dans un avenir tr\u00e8s proche.<\/p>\n<figure id=\"attachment_29712\" style=\"width: 300px\"  class=\"wp-caption alignleft\"><img decoding=\"async\" class=\"size-medium wp-image-29712\" src=\"https:\/\/assemblee.bi\/wp-content\/uploads\/2025\/06\/audience2-2-300x160.jpg\" alt=\"\" width=\"300\" height=\"160\" srcset=\"https:\/\/assemblee.bi\/wp-content\/uploads\/2025\/06\/audience2-2-300x160.jpg 300w, https:\/\/assemblee.bi\/wp-content\/uploads\/2025\/06\/audience2-2.jpg 448w\" sizes=\"(max-width: 300px) 100vw, 300px\" \/><figcaption class=\"wp-caption-text\">A la sortie de l\u2019audience, les deux personnalit\u00e9s r\u00e9pondant aux questions de la presse<\/figcaption><\/figure>\n<p>Au sujet des d\u00e9fis que pr\u00e9senteraient les prochaines \u00e9ch\u00e9ances \u00e9lectorales, l\u2019Ambassadeur Cassam Uteem \u00e9t\u00e9 clair. Toute \u00e9lection est d\u00e9j\u00e0 un d\u00e9fi. C\u2019est en tout cas l\u2019exp\u00e9rience qu\u2019il a tir\u00e9e d\u2019une douzaine d\u2019\u00e9lections auxquelles il a particip\u00e9. Il a aussi constat\u00e9 qu\u2019aucune \u00e9lection ne ressemble \u00e0 une autre. L\u2019essentiel, a-t-il conclu, est que les \u00e9lections soient apais\u00e9es et inclusives, tout en privil\u00e9giant le dialogue.<\/p>\n<p>Concernant la contribution de cette institution internationale, le patron de la MENUB a promis d\u2019appuyer le processus \u00e9lectoral en cours.<br class=\"autobr\" \/>Pour le Pr\u00e9sident de l\u2019Assembl\u00e9e Nationale, le processus est d\u00e9j\u00e0 en marche puisque l\u2019enr\u00f4lement des \u00e9lecteurs a d\u00e9j\u00e0 commenc\u00e9.<\/p>\n<p>Vous saurez que cette mission a \u00e9t\u00e9 mise en place sur demande du Gouvernement du Burundi.<\/p>\n<\/div>\n<\/td>\n<\/tr>\n<tr>\n<td><\/td>\n<\/tr>\n<\/tbody>\n<\/table>\n","protected":false},"excerpt":{"rendered":"<p>D\u00e9finir la mission des Nations Unies au Burundi pour l\u2019observation \u00e9lectorale, MENUB, \u00e9changer sur la situation du Burundi \u00e0 la veille des \u00e9lections g\u00e9n\u00e9rales, discuter de l\u2019imp\u00e9ratif des \u00e9lections apais\u00e9es, [&hellip;]<\/p>\n","protected":false},"author":1,"featured_media":29713,"comment_status":"closed","ping_status":"open","sticky":false,"template":"","format":"standard","meta":{"give_campaign_id":0,"inline_featured_image":false,"footnotes":""},"categories":[153],"tags":[],"class_list":["post-29711","post","type-post","status-publish","format-standard","has-post-thumbnail","hentry","category-audiences-2"],"_links":{"self":[{"href":"https:\/\/assemblee.bi\/index.php?rest_route=\/wp\/v2\/posts\/29711","targetHints":{"allow":["GET"]}}],"collection":[{"href":"https:\/\/assemblee.bi\/index.php?rest_route=\/wp\/v2\/posts"}],"about":[{"href":"https:\/\/assemblee.bi\/index.php?rest_route=\/wp\/v2\/types\/post"}],"author":[{"embeddable":true,"href":"https:\/\/assemblee.bi\/index.php?rest_route=\/wp\/v2\/users\/1"}],"replies":[{"embeddable":true,"href":"https:\/\/assemblee.bi\/index.php?rest_route=%2Fwp%2Fv2%2Fcomments&post=29711"}],"version-history":[{"count":1,"href":"https:\/\/assemblee.bi\/index.php?rest_route=\/wp\/v2\/posts\/29711\/revisions"}],"predecessor-version":[{"id":29714,"href":"https:\/\/assemblee.bi\/index.php?rest_route=\/wp\/v2\/posts\/29711\/revisions\/29714"}],"wp:featuredmedia":[{"embeddable":true,"href":"https:\/\/assemblee.bi\/index.php?rest_route=\/wp\/v2\/media\/29713"}],"wp:attachment":[{"href":"https:\/\/assemblee.bi\/index.php?rest_route=%2Fwp%2Fv2%2Fmedia&parent=29711"}],"wp:term":[{"taxonomy":"category","embeddable":true,"href":"https:\/\/assemblee.bi\/index.php?rest_route=%2Fwp%2Fv2%2Fcategories&post=29711"},{"taxonomy":"post_tag","embeddable":true,"href":"https:\/\/assemblee.bi\/index.php?rest_route=%2Fwp%2Fv2%2Ftags&post=29711"}],"curies":[{"name":"wp","href":"https:\/\/api.w.org\/{rel}","templated":true}]}}