{"id":29431,"date":"2016-09-30T08:45:54","date_gmt":"2016-09-30T06:45:54","guid":{"rendered":"https:\/\/assemblee.bi\/?p=29431"},"modified":"2025-06-13T08:48:48","modified_gmt":"2025-06-13T06:48:48","slug":"analyse-et-adoption-du-projet-de-loi-portant-modification-de-larticle-5-de-la-loi-n-1-01-du-9-fevrier-2012-portant-revision-de-la-loi-n01-03-du-19-fevrier-2009-relative-a-lorga","status":"publish","type":"post","link":"https:\/\/assemblee.bi\/?p=29431","title":{"rendered":"Analyse et adoption du Projet de loi portant Modification de l\u2019Article 5 de la Loi N\u00b0 1\/01 du 9 f\u00e9vrier 2012 portant R\u00e9vision de la Loi N01\/03 du 19 f\u00e9vrier 2009 relative \u00e0 l\u2019Organisation de la Privatisation des Entreprises \u00e0 Participation Publique, des Services et des Ouvrages Publics"},"content":{"rendered":"<p>Mardi 30 ao\u00fbt 2016, les Honorables D\u00e9put\u00e9s ont analys\u00e9 et adopt\u00e9 \u00e0 l\u2019unanimit\u00e9 le Projet de loi portant Modification de l\u2019Article 5 de la Loi N\u00b0 1\/01 du 9 f\u00e9vrier 2012 portant R\u00e9vision de la Loi N01\/03 du 19 f\u00e9vrier 2009 relative \u00e0 l\u2019Organisation de la Privatisation des Entreprises \u00e0 Participation Publique, des Services et des Ouvrages Publics.<\/p>\n<p>Dans son expos\u00e9 des motifs, le Ministre des Finances, du Budget et de la Privatisation a d\u00e9clar\u00e9 que la structuration actuelle du Gouvernement est en contradiction avec l\u2019esprit du l\u00e9gislateur qui indique, \u00e0 travers l\u2019article 5 de la loi actuelle portant l\u2019Organisation de la Privatisation des Entreprises \u00e0 Participation Publique, des Services et des Ouvrages Publics, les membres qui composent le Comit\u00e9 Interminist\u00e9riel de Privatisation (CIP).<\/p>\n<figure id=\"attachment_29433\" style=\"width: 300px\"  class=\"wp-caption alignleft\"><img decoding=\"async\" class=\"size-medium wp-image-29433\" src=\"https:\/\/assemblee.bi\/wp-content\/uploads\/2025\/06\/875-300x160.jpg\" alt=\"\" width=\"300\" height=\"160\" srcset=\"https:\/\/assemblee.bi\/wp-content\/uploads\/2025\/06\/875-300x160.jpg 300w, https:\/\/assemblee.bi\/wp-content\/uploads\/2025\/06\/875.jpg 448w\" sizes=\"(max-width: 300px) 100vw, 300px\" \/><figcaption class=\"wp-caption-text\">Le Ministre des Finances, du Budget et de la Privatisation, Docteur Domitien NDIHOKUBWAYO<\/figcaption><\/figure>\n<p>Selon cet article, a expliqu\u00e9 le Docteur Domitien NDIHOKUBWAYO, c\u2019est le Ministre ayant la privatisation dans ses attributions qui pr\u00e9side cet organe, alors que le Ministre ayant les finances dans ses attributions en est le vice-pr\u00e9sident. Or, la structuration actuelle du Gouvernement de la R\u00e9publique du Burundi conf\u00e8re \u00e0 un seul Ministre la gestion des dossiers relatifs \u00e0 la privatisation et aux finances, a-t-il d\u00e9montr\u00e9.<br class=\"autobr\" \/>L\u2019occupation des postes de pr\u00e9sident et de vice-pr\u00e9sident par deux responsables au lieu d\u2019un seul favorise la diversit\u00e9 des id\u00e9es lors des \u00e9changes sur la r\u00e9forme\/privatisation des Entreprises \u00e0 Participation Publique, des Services et des Ouvrages publics et garantit la tenue des r\u00e9unions du CIP quand le pr\u00e9sident est emp\u00each\u00e9, s\u2019est r\u00e9joui l\u2019Envoy\u00e9 comme pour justifier l\u2019utilit\u00e9 de la modification de cet article 5.<\/p>\n<figure id=\"attachment_29432\" style=\"width: 300px\"  class=\"wp-caption alignleft\"><img decoding=\"async\" class=\"size-medium wp-image-29432\" src=\"https:\/\/assemblee.bi\/wp-content\/uploads\/2025\/06\/877-300x160.jpg\" alt=\"\" width=\"300\" height=\"160\" srcset=\"https:\/\/assemblee.bi\/wp-content\/uploads\/2025\/06\/877-300x160.jpg 300w, https:\/\/assemblee.bi\/wp-content\/uploads\/2025\/06\/877.jpg 448w\" sizes=\"(max-width: 300px) 100vw, 300px\" \/><figcaption class=\"wp-caption-text\">Les Honorables Membres du Bureau de l\u2019Assembl\u00e9e Nationale en pl\u00e9ni\u00e8re<\/figcaption><\/figure>\n<p>Au terme de cette s\u00e9ance pl\u00e9ni\u00e8re, l\u2019article 5 alin\u00e9a 1 de la Loi n\u00b01\/01 du 9 f\u00e9vrier 2012 portant R\u00e9vision de la Loi n\u00b01\/03 du 19 f\u00e9vrier 2009 relative \u00e0 l\u2019Organisation de la Privatisation des Entreprises \u00e0 Participation Publique, des Services et des Ouvrages Publics qui \u00e9tait stipul\u00e9 comme suit\u00a0:<\/p>\n<p><i>\u00ab\u00a0La mise en \u0153uvre de la politique de privatisation et la supervision de toutes les op\u00e9rations sont assur\u00e9es par un Comit\u00e9 Interminist\u00e9riel de Privatisation \u00ab\u00a0CIP\u00a0\u00bb en sigle. Outre l\u2019autorit\u00e9 ayant la privatisation dans ses attributions qui en assure la pr\u00e9sidence, ce comit\u00e9 est compos\u00e9 du Ministre ayant les Finances dans ses attributions qui en assure la vice-pr\u00e9sidence, ainsi que les Ministres ayant la Bonne Gouvernance, le Commerce, l\u2019industrie, le Plan et le Travail dans leurs attributions. Le responsable ayant en charge le Service Charg\u00e9 des Entreprises Publiques est \u00e9galement membre.<\/i><\/p>\n<p>Les r\u00f4les de pr\u00e9sident et de vice-pr\u00e9sident du CIP ne peuvent pas \u00eatre cumulativement assur\u00e9s par l\u2019autorit\u00e9 ayant la privatisation dans ses attributions.<\/p>\n<p><i>Au cas o\u00f9 les autres fonctions reconnues \u00e0 l\u2019autorit\u00e9 ayant la privatisation dans ses attributions donneraient lieu \u00e0 ce cumul, le CIP proc\u00e8de \u00e0 la d\u00e9signation du vice-pr\u00e9sident lors de sa premi\u00e8re r\u00e9union\u00a0\u00bb.<\/i><\/p>\n<p>a \u00e9t\u00e9 modifi\u00e9 comme suit\u00a0:<\/p>\n<p>\u00ab\u00a0<i>\u00a0La mise en \u0153uvre de la politique de privatisation et la supervision de toutes les op\u00e9rations y relatives sont assur\u00e9es par un Comit\u00e9 Interminist\u00e9riel de Privatisation, CIP en sigle.<\/i><\/p>\n<p>Le travail technique du CIP est assur\u00e9 par le Service des Entreprises Publiques \u00ab\u00a0SCEP\u00a0\u00bb en sigle.<\/p>\n<p>Le CIP ne peut valablement si\u00e9ger que les si les 2\/3 de ses membres sont pr\u00e9sents et les d\u00e9cisions sont prises \u00e0 la majorit\u00e9 des 2\/3. Les procurations au moment des d\u00e9cisions ne sont pas autoris\u00e9es.<\/p>\n<p><strong>Un d\u00e9cret pr\u00e9sidentiel pr\u00e9cisera la composition, l\u2019organisation et le fonctionnement du CIP<\/strong>\u00ab\u00a0.<\/p>\n","protected":false},"excerpt":{"rendered":"<p>Mardi 30 ao\u00fbt 2016, les Honorables D\u00e9put\u00e9s ont analys\u00e9 et adopt\u00e9 \u00e0 l\u2019unanimit\u00e9 le Projet de loi portant Modification de l\u2019Article 5 de la Loi N\u00b0 1\/01 du 9 f\u00e9vrier [&hellip;]<\/p>\n","protected":false},"author":1,"featured_media":29434,"comment_status":"closed","ping_status":"open","sticky":false,"template":"","format":"standard","meta":{"give_campaign_id":0,"inline_featured_image":false,"footnotes":""},"categories":[30],"tags":[],"class_list":["post-29431","post","type-post","status-publish","format-standard","has-post-thumbnail","hentry","category-analyse-et-adoption-en-pleniere"],"_links":{"self":[{"href":"https:\/\/assemblee.bi\/index.php?rest_route=\/wp\/v2\/posts\/29431","targetHints":{"allow":["GET"]}}],"collection":[{"href":"https:\/\/assemblee.bi\/index.php?rest_route=\/wp\/v2\/posts"}],"about":[{"href":"https:\/\/assemblee.bi\/index.php?rest_route=\/wp\/v2\/types\/post"}],"author":[{"embeddable":true,"href":"https:\/\/assemblee.bi\/index.php?rest_route=\/wp\/v2\/users\/1"}],"replies":[{"embeddable":true,"href":"https:\/\/assemblee.bi\/index.php?rest_route=%2Fwp%2Fv2%2Fcomments&post=29431"}],"version-history":[{"count":1,"href":"https:\/\/assemblee.bi\/index.php?rest_route=\/wp\/v2\/posts\/29431\/revisions"}],"predecessor-version":[{"id":29435,"href":"https:\/\/assemblee.bi\/index.php?rest_route=\/wp\/v2\/posts\/29431\/revisions\/29435"}],"wp:featuredmedia":[{"embeddable":true,"href":"https:\/\/assemblee.bi\/index.php?rest_route=\/wp\/v2\/media\/29434"}],"wp:attachment":[{"href":"https:\/\/assemblee.bi\/index.php?rest_route=%2Fwp%2Fv2%2Fmedia&parent=29431"}],"wp:term":[{"taxonomy":"category","embeddable":true,"href":"https:\/\/assemblee.bi\/index.php?rest_route=%2Fwp%2Fv2%2Fcategories&post=29431"},{"taxonomy":"post_tag","embeddable":true,"href":"https:\/\/assemblee.bi\/index.php?rest_route=%2Fwp%2Fv2%2Ftags&post=29431"}],"curies":[{"name":"wp","href":"https:\/\/api.w.org\/{rel}","templated":true}]}}