{"id":29232,"date":"2019-07-13T14:19:07","date_gmt":"2019-07-13T12:19:07","guid":{"rendered":"https:\/\/assemblee.bi\/?p=29232"},"modified":"2025-06-02T14:19:46","modified_gmt":"2025-06-02T12:19:46","slug":"le-president-de-lassemblee-nationale-apporte-sa-pierre-a-lextension-de-lhopital-de-cibitoke","status":"publish","type":"post","link":"https:\/\/assemblee.bi\/?p=29232","title":{"rendered":"Le Pr\u00e9sident de l\u2019Assembl\u00e9e nationale apporte sa pierre \u00e0 l\u2019extension de l\u2019H\u00f4pital de CIBITOKE"},"content":{"rendered":"<p>Aucun citoyen Burundais ne doit plus dormir le ventre vide. C\u2019est le combat que les coop\u00e9ratives sont pr\u00eates \u00e0 gagner. C\u2019est en tout cas le souhait \u00e9mis samedi 13 juillet 2019 par le Pr\u00e9sident de l\u2019Assembl\u00e9e nationale au terme des travaux de d\u00e9veloppement communautaire qu\u2019il a effectu\u00e9s dans les enceintes de l\u2019H\u00f4pital de Cibitoke. Le Tr\u00e8s Honorable Pascal NYABENDA a en effet m\u00e9lang\u00e9 le b\u00e9ton qui a servi au pavement de la fondation du rez-de-chauss\u00e9e d\u2019un immeuble en \u00e9tage qui abritera un bloc administratif et une salle de r\u00e9animation.<\/p>\n<dl class=\"spip_document_4906 spip_documents spip_documents_left\">\n<dt><img fetchpriority=\"high\" decoding=\"async\" class=\"alignleft\" src=\"https:\/\/assemblee.bi\/archive\/local\/cache-vignettes\/L448xH239\/TC_CIBITOK-a157d.jpg?1748865153\" alt=\"\" width=\"448\" height=\"239\" \/><\/dt>\n<\/dl>\n<p>Dans son mot de bienvenue, l\u2019Administrateur de la commune de Rugombo a d\u00e9clar\u00e9 que les travaux de d\u00e9veloppement communautaires sont d\u00e9j\u00e0 encr\u00e9s dans les habitudes de la population. D\u2019ailleurs, a insist\u00e9 madame B\u00e9atrice KADERI, la commune de Rugombo, qui a occup\u00e9 le premier rang au niveau national en mati\u00e8re d\u2019ex\u00e9cution des travaux de d\u00e9veloppement communautaires, a \u00e9t\u00e9 prim\u00e9 le 1er mai 2019 par le Pr\u00e9sident de la R\u00e9publique.<\/p>\n<p>La population est \u00e0 la fois en amont et en aval en termes de d\u00e9veloppement, a d\u00e9montr\u00e9 le Gouverneur de la province de Cibitoke comme pour compl\u00e9ter l\u2019Administrateur communal de Rugombo. Ma\u00eetre Joseph ITERITEKA en dress\u00e9 les perspectives d\u2019avenir qui sont du reste prometteuses dans le domaine sanitaire. Outre que la province de Cibitoke a un nouveau-n\u00e9 avec l\u2019implantation d\u2019un district sanitaire \u00e0 Bukinanyana, l\u2019H\u00f4pital de Cibitoke va aussi disposer dans les plus brefs d\u00e9lais d\u2019une radiographie et d\u2019une ambulance.<\/p>\n<dl class=\"spip_document_4907 spip_documents spip_documents_left\">\n<dt><img decoding=\"async\" class=\"alignright\" src=\"https:\/\/assemblee.bi\/archive\/local\/cache-vignettes\/L448xH241\/IBIKORWA_RUSANGI-1d1e5.jpg?1748865153\" alt=\"\" width=\"448\" height=\"241\" \/><\/dt>\n<\/dl>\n<p>Le r\u00eave du Gouvernement, a expliqu\u00e9 dans son message le Pr\u00e9sident de la Chambre basse du Parlement burundais, est que le petit peuple dispose au moins d\u2019un petit quelque chose \u00e0 mettre sous la dent dans son m\u00e9nage. Le moyen direct de r\u00e9ussir ce pari, a-t-il encha\u00een\u00e9, est d\u2019instaurer la politique des coop\u00e9ratives. Le Gouvernement, a-t-il poursuivi, conscient que le syst\u00e8me des \u00ab\u00a0t\u00e2ches\u00a0\u00bb est le train de vie des paysans, a imagin\u00e9 une m\u00e9thode de relever le niveau de vie du petit peuple.<\/p>\n<p>En effet, a-t-il d\u00e9montr\u00e9, le paysan, qui se nourrit parce qu\u2019il a d\u00e9ploy\u00e9 au pr\u00e9alable ses \u00e9nergies au service d\u2019une autre personne, est enferm\u00e9 dans son cercle de mis\u00e8re. Un changement de mentalit\u00e9 s\u2019impose pour qu\u2019il coupe court avec cette pratique de vivre au jour le jour. Que deviendrait-il si ces t\u00e2ches manquaient\u00a0?, a-t-il interrog\u00e9 avant de d\u00e9clarer que dor\u00e9navant m\u00eame le petit peuple a droit de vivre dignement. L\u2019Etat va octroyer un capital aux collines qui sont invit\u00e9es \u00e0 former diff\u00e9rentes coop\u00e9ratives.<\/p>\n<p>N\u00e9anmoins, a nuanc\u00e9 le Num\u00e9ro Deux Burundais, ce capital n\u2019est nullement un don mais un pr\u00eat qui est, mine de rien, supportable. Des d\u00e9fis, a-t-il nuanc\u00e9, ne manqueront \u00e0 bloquer cette nouvelle m\u00e9thodologie de briser ce cercle de mis\u00e8res. Aussi, le Tr\u00e8s Honorable Pascal NYABENDA a-t-il conseill\u00e9 le peuple \u00e0 garder un \u0153il vigilant aux responsables des diff\u00e9rentes coop\u00e9ratives qui risqueraient de d\u00e9tourner \u00e0 leurs fins ce pr\u00eat. Les diff\u00e9rents partenaires en mati\u00e8re de d\u00e9veloppement, plus connus sous l\u2019appellation d\u2019ONG risquent aussi de ne pas apercevoir d\u2019un bon \u0153il ces coop\u00e9ratives, a-t-il ajout\u00e9 avant de conseiller les administrateurs communaux \u00e0 ne pas barrer la route \u00e0 cet essor de d\u00e9veloppement.<\/p>\n<dl class=\"spip_document_4908 spip_documents spip_documents_left\">\n<dt><img decoding=\"async\" class=\"alignleft\" src=\"https:\/\/assemblee.bi\/archive\/local\/cache-vignettes\/L448xH236\/TC_DISCOURS-b595d.jpg?1748865153\" alt=\"\" width=\"448\" height=\"236\" \/><\/dt>\n<\/dl>\n<p>Maintenant que le budget qui a d\u2019ailleurs \u00e9t\u00e9 revu \u00e0 la hausse ne passera plus dans leurs mains, un sentiment de jalousie n\u2019est pas \u00e0 \u00e9carter chez ces administratifs qui avaient l\u2019habitude de passer des march\u00e9s pour recevoir en retour des commissions.<br \/>\n<br class=\"autobr\" \/>M\u00eame si toutes les collines ne conna\u00eetront pas le m\u00eame \u00e9lan, a-t-il reconnu, l\u2019essentiel est d\u2019assurer le minimum vital \u00e0 chaque citoyen. Comme l\u2019\u00c9tat est le garant de tous les citoyens, personne ne doit s\u2019\u00e9carter dans cette marche, a-t-il conclu.<\/p>\n<p>Du moment que la province de Cibitoke est frontali\u00e8re avec la R\u00e9publique D\u00e9mocratique du Congo, le Tr\u00e8s Honorable Pascal NYABENDA a invit\u00e9 la population \u00e0 \u00e9viter de se faire contaminer par la maladie \u00e0 virus d\u2019EBOLA.<\/p>\n","protected":false},"excerpt":{"rendered":"<p>Aucun citoyen Burundais ne doit plus dormir le ventre vide. C\u2019est le combat que les coop\u00e9ratives sont pr\u00eates \u00e0 gagner. C\u2019est en tout cas le souhait \u00e9mis samedi 13 juillet [&hellip;]<\/p>\n","protected":false},"author":4,"featured_media":29233,"comment_status":"closed","ping_status":"open","sticky":false,"template":"","format":"standard","meta":{"give_campaign_id":0,"inline_featured_image":false,"footnotes":""},"categories":[4],"tags":[],"class_list":["post-29232","post","type-post","status-publish","format-standard","has-post-thumbnail","hentry","category-descentes-a-linterieur-du-pays"],"_links":{"self":[{"href":"https:\/\/assemblee.bi\/index.php?rest_route=\/wp\/v2\/posts\/29232","targetHints":{"allow":["GET"]}}],"collection":[{"href":"https:\/\/assemblee.bi\/index.php?rest_route=\/wp\/v2\/posts"}],"about":[{"href":"https:\/\/assemblee.bi\/index.php?rest_route=\/wp\/v2\/types\/post"}],"author":[{"embeddable":true,"href":"https:\/\/assemblee.bi\/index.php?rest_route=\/wp\/v2\/users\/4"}],"replies":[{"embeddable":true,"href":"https:\/\/assemblee.bi\/index.php?rest_route=%2Fwp%2Fv2%2Fcomments&post=29232"}],"version-history":[{"count":1,"href":"https:\/\/assemblee.bi\/index.php?rest_route=\/wp\/v2\/posts\/29232\/revisions"}],"predecessor-version":[{"id":29234,"href":"https:\/\/assemblee.bi\/index.php?rest_route=\/wp\/v2\/posts\/29232\/revisions\/29234"}],"wp:featuredmedia":[{"embeddable":true,"href":"https:\/\/assemblee.bi\/index.php?rest_route=\/wp\/v2\/media\/29233"}],"wp:attachment":[{"href":"https:\/\/assemblee.bi\/index.php?rest_route=%2Fwp%2Fv2%2Fmedia&parent=29232"}],"wp:term":[{"taxonomy":"category","embeddable":true,"href":"https:\/\/assemblee.bi\/index.php?rest_route=%2Fwp%2Fv2%2Fcategories&post=29232"},{"taxonomy":"post_tag","embeddable":true,"href":"https:\/\/assemblee.bi\/index.php?rest_route=%2Fwp%2Fv2%2Ftags&post=29232"}],"curies":[{"name":"wp","href":"https:\/\/api.w.org\/{rel}","templated":true}]}}