{"id":28856,"date":"2017-06-04T11:29:22","date_gmt":"2017-06-04T09:29:22","guid":{"rendered":"https:\/\/assemblee.bi\/?p=28856"},"modified":"2025-05-26T11:33:57","modified_gmt":"2025-05-26T09:33:57","slug":"le-president-de-lassemblee-nationale-se-joint-aux-chretiens-de-la-paroisse-de-muzinda-dans-la-celebration-de-la-fete-de-pentecote","status":"publish","type":"post","link":"https:\/\/assemblee.bi\/?p=28856","title":{"rendered":"Le Pr\u00e9sident de l\u2019Assembl\u00e9e Nationale se joint aux chr\u00e9tiens de la paroisse de Muzinda dans la c\u00e9l\u00e9bration de la f\u00eate de Pentec\u00f4te"},"content":{"rendered":"<p>Dimanche 4 juin 2017, c\u00e9l\u00e9bration solennelle de la Pentec\u00f4te. A cette occasion, le Pr\u00e9sident de l\u2019Assembl\u00e9e Nationale a partag\u00e9 la messe avec les chr\u00e9tiens de la Paroisse Saint-Pierre de Muzinda, qu\u2019il appelle affectueusement \u00ab\u00a0sa\u00a0\u00bb paroisse en souvenirs de bons moments dont la c\u00e9l\u00e9bration de son mariage et le bapt\u00eame de ses enfants.<\/p>\n<p>Dans son hom\u00e9lie, le cur\u00e9 de la paroisse a indiqu\u00e9 que cette f\u00eate de la venue du Saint-Esprit cl\u00f4ture la p\u00e9riode des 50 jours de la joie de P\u00e2ques quand J\u00e9sus-Christ a vaincu la mort. Pentec\u00f4te ouvre \u00e9galement la porte aux temps ordinaires, devrait rappeler l\u2019Abb\u00e9 Eloi-S\u00e9bastien MANIRAKIZA qui a quand m\u00eame nuanc\u00e9 que ce n\u2019est pas aussi ordinaire que \u00e7a puisque, nous aussi, nous nous pr\u00e9parons dans l\u2019all\u00e9gresse \u00e0 aller dans le Royaume de Dieu.<\/p>\n<figure id=\"attachment_28859\" style=\"width: 300px\"  class=\"wp-caption alignleft\"><img decoding=\"async\" class=\"size-medium wp-image-28859\" src=\"https:\/\/assemblee.bi\/wp-content\/uploads\/2025\/05\/1597-300x161.jpg\" alt=\"\" width=\"300\" height=\"161\" srcset=\"https:\/\/assemblee.bi\/wp-content\/uploads\/2025\/05\/1597-300x161.jpg 300w, https:\/\/assemblee.bi\/wp-content\/uploads\/2025\/05\/1597.jpg 448w\" sizes=\"(max-width: 300px) 100vw, 300px\" \/><figcaption class=\"wp-caption-text\">Vue partielle des Chr\u00e9tiens<\/figcaption><\/figure>\n<p>Paraphrasant l\u2019Evang\u00e9liste Luc, le Cur\u00e9 de la paroisse est revenu sur la f\u00eate de l\u2019Ascension, quand J\u00e9sus-Christ a r\u00e9confort\u00e9 ses disciples en leur disant qu\u2019Il ne les laisse pas orphelins, mais qu\u2019Il leur enverra la puissance du Saint-Esprit. Eh bien, ce rendez-vous est aujourd\u2019hui arriv\u00e9, s\u2019est-il r\u00e9joui. Un vent violent a empli la maison ou s\u2019\u00e9taient enferm\u00e9s les ap\u00f4tres par peur des Juifs. Les flammes se sont d\u00e9pos\u00e9es sur la t\u00eate de chacun. Le feu qui \u00e9mane de ces flammes r\u00e9chauffe ce qui \u00e9tait froid. Dor\u00e9navant, les disciples de J\u00e9sus-Christ auront la force de proclamer sans h\u00e9sitation que le Christ mort est ressuscit\u00e9.<\/p>\n<p>L\u2019Orateur du jour a aussi pr\u00e9cis\u00e9 que le Saint-Esprit vient restaurer l\u2019unit\u00e9 bafou\u00e9e par l\u2019orgueil du genre humain. Et de rappeler l\u2019histoire de la Tour de Babel \u00e0 l\u2019\u00e9poque o\u00f9 les hommes parlaient la m\u00eame langue mais \u00e0 cause de leur culot d\u2019atteindre Dieu au ciel leur langage a \u00e9t\u00e9 troubl\u00e9. Mais aujourd\u2019hui, avec cette unit\u00e9 recouvr\u00e9e, tout le monde est invit\u00e9 \u00e0 rendre t\u00e9moignage de la bont\u00e9 de Dieu.<\/p>\n<p>Les gens, apr\u00e8s avoir re\u00e7u le Saint-Esprit, changent. M\u00eame Saint Paul dans sa lettre aux Corinthiens, mentionne que personne ne peut proclamer que J\u00e9sus-Christ est le Seigneur sans avoir au pr\u00e9alable le don du Saint-Esprit qui une inspiration, a-t-il confi\u00e9 avant d\u2019exhorter les chr\u00e9tiens \u00e0 analyser leurs propres dons pour en faire usage \u00e0 bon escient et non de les exploiter \u00e0 des fins d\u2019orgueil. Il a cit\u00e9 quelques voies dont les dons de prodiguer des conseils, d\u2019\u00eatre humble dans le souci de faire progresser la famille.<\/p>\n<figure id=\"attachment_28858\" style=\"width: 300px\"  class=\"wp-caption alignleft\"><img decoding=\"async\" class=\"size-medium wp-image-28858\" src=\"https:\/\/assemblee.bi\/wp-content\/uploads\/2025\/05\/1598-300x161.jpg\" alt=\"\" width=\"300\" height=\"161\" srcset=\"https:\/\/assemblee.bi\/wp-content\/uploads\/2025\/05\/1598-300x161.jpg 300w, https:\/\/assemblee.bi\/wp-content\/uploads\/2025\/05\/1598.jpg 448w\" sizes=\"(max-width: 300px) 100vw, 300px\" \/><figcaption class=\"wp-caption-text\">Le cur\u00e9 de la paroisse c\u00e9l\u00e9brant la messe<\/figcaption><\/figure>\n<p>Pour insister sur l\u2019importance du Saint-Esprit, l\u2019Abb\u00e9 Eloi-S\u00e9bastien MANIRAKIZA est revenu sur le passage de Saint Matthieu quand J\u00e9sus-Christ a dit que tout p\u00e9cheur sera pardonn\u00e9, sauf celui qui se sera attaqu\u00e9 au Saint-Esprit. C\u2019est en effet cet Esprit Saint qui nous donne le sens du discernement. Le Cur\u00e9 de la paroisse Saint Pierre a aussi invit\u00e9 les chr\u00e9tiens \u00e0 implorer le Saint-Esprit au m\u00eame titre que Dieu le P\u00e8re et Dieu le Fils, ensemble ils forment le myst\u00e8re de la Trinit\u00e9 comme l\u2019\u00e9voque le Cr\u00e9do. Il faut int\u00e9grer dans nos pri\u00e8res habituelles le Saint-Esprit pour qu\u2019il nous impr\u00e8gne de ses sept dons, a-t-il souhait\u00e9.<\/p>\n<p>Au terme de cette c\u00e9l\u00e9bration eucharistique, le Pr\u00e9sident de l\u2019Assembl\u00e9e Nationale a salu\u00e9 les chr\u00e9tiens de la paroisse. Le Tr\u00e8s Honorable Pascal NYABENDA, dans son allocution, a insist\u00e9 sur la place de l\u2019\u00e2me dans la culture burundaise. Ainsi, a-t-il expliqu\u00e9, c\u2019est l\u2019\u00e2me qui constitue en fait l\u2019essence de l\u2019homme. Il a pris comme t\u00e9moignages les adages rundi comme \u00ab untel n\u2019a pas de c\u0153ur, un tel a un bon\/mauvais c\u0153ur \u00bb. Parmi les membres du corps humain, l\u2019\u00e2me occupe une place de choix, a-t-il ajout\u00e9 en d\u00e9montrant que quand le c\u0153ur de quelqu\u2019un, ne fonctionne plus, c\u2019est qu\u2019il a d\u00e9j\u00e0 sign\u00e9 sa mort.<\/p>\n<figure id=\"attachment_28857\" style=\"width: 300px\"  class=\"wp-caption alignleft\"><img decoding=\"async\" class=\"size-medium wp-image-28857\" src=\"https:\/\/assemblee.bi\/wp-content\/uploads\/2025\/05\/1599-300x161.jpg\" alt=\"\" width=\"300\" height=\"161\" srcset=\"https:\/\/assemblee.bi\/wp-content\/uploads\/2025\/05\/1599-300x161.jpg 300w, https:\/\/assemblee.bi\/wp-content\/uploads\/2025\/05\/1599.jpg 448w\" sizes=\"(max-width: 300px) 100vw, 300px\" \/><figcaption class=\"wp-caption-text\">Le Pr\u00e9sident de l\u2019Assembl\u00e9e Nationale s\u2019adressant aux chr\u00e9tiens de la paroisse Muzinda<\/figcaption><\/figure>\n<p>Dans la vie courante, le Pr\u00e9sident de la Chambre basse du Parlement burundais du Parlement burundais a rappel\u00e9 que nous entamons la p\u00e9riode de la saison s\u00e8che r\u00e9put\u00e9e faussement de tout repos pour les Burundais en g\u00e9n\u00e9ral et les agriculteurs en particulier. En saison s\u00e8che, les Burundais croisent les bras alors que le ventre r\u00e9clame toujours \u00e0 manger, s\u2019est \u00e9tonn\u00e9 le Tr\u00e8s Honorable Pascal NYABENDA qui a rench\u00e9ri que cet \u00e9tat de fait pousse les populations \u00e0 consommer m\u00eame les semences. M\u00eame si la saison culturale B a \u00e9t\u00e9 meilleure que celle A, les populations devraient \u00eatre prudentes, a-t-il averti. Il les a plut\u00f4t exhort\u00e9 de cultiver de cultiver des plantes qui poussent bien et qui sollicitent l\u2019arrosage comme les l\u00e9gumes. C\u2019est aussi une occasion d\u2019initier la jeunesse en vacances aux travaux manuels notamment la construction des \u00e9coles.<\/p>\n","protected":false},"excerpt":{"rendered":"<p>Dimanche 4 juin 2017, c\u00e9l\u00e9bration solennelle de la Pentec\u00f4te. A cette occasion, le Pr\u00e9sident de l\u2019Assembl\u00e9e Nationale a partag\u00e9 la messe avec les chr\u00e9tiens de la Paroisse Saint-Pierre de Muzinda, [&hellip;]<\/p>\n","protected":false},"author":1,"featured_media":28860,"comment_status":"closed","ping_status":"open","sticky":false,"template":"","format":"standard","meta":{"give_campaign_id":0,"inline_featured_image":false,"footnotes":""},"categories":[4],"tags":[],"class_list":["post-28856","post","type-post","status-publish","format-standard","has-post-thumbnail","hentry","category-descentes-a-linterieur-du-pays"],"_links":{"self":[{"href":"https:\/\/assemblee.bi\/index.php?rest_route=\/wp\/v2\/posts\/28856","targetHints":{"allow":["GET"]}}],"collection":[{"href":"https:\/\/assemblee.bi\/index.php?rest_route=\/wp\/v2\/posts"}],"about":[{"href":"https:\/\/assemblee.bi\/index.php?rest_route=\/wp\/v2\/types\/post"}],"author":[{"embeddable":true,"href":"https:\/\/assemblee.bi\/index.php?rest_route=\/wp\/v2\/users\/1"}],"replies":[{"embeddable":true,"href":"https:\/\/assemblee.bi\/index.php?rest_route=%2Fwp%2Fv2%2Fcomments&post=28856"}],"version-history":[{"count":1,"href":"https:\/\/assemblee.bi\/index.php?rest_route=\/wp\/v2\/posts\/28856\/revisions"}],"predecessor-version":[{"id":28861,"href":"https:\/\/assemblee.bi\/index.php?rest_route=\/wp\/v2\/posts\/28856\/revisions\/28861"}],"wp:featuredmedia":[{"embeddable":true,"href":"https:\/\/assemblee.bi\/index.php?rest_route=\/wp\/v2\/media\/28860"}],"wp:attachment":[{"href":"https:\/\/assemblee.bi\/index.php?rest_route=%2Fwp%2Fv2%2Fmedia&parent=28856"}],"wp:term":[{"taxonomy":"category","embeddable":true,"href":"https:\/\/assemblee.bi\/index.php?rest_route=%2Fwp%2Fv2%2Fcategories&post=28856"},{"taxonomy":"post_tag","embeddable":true,"href":"https:\/\/assemblee.bi\/index.php?rest_route=%2Fwp%2Fv2%2Ftags&post=28856"}],"curies":[{"name":"wp","href":"https:\/\/api.w.org\/{rel}","templated":true}]}}