{"id":28709,"date":"2017-02-17T09:22:04","date_gmt":"2017-02-17T08:22:04","guid":{"rendered":"https:\/\/assemblee.bi\/?p=28709"},"modified":"2025-05-23T09:39:19","modified_gmt":"2025-05-23T07:39:19","slug":"le-president-de-lassemblee-nationale-vole-au-secours-des-demunis-de-gihanga","status":"publish","type":"post","link":"https:\/\/assemblee.bi\/?p=28709","title":{"rendered":"Le Pr\u00e9sident de l\u2019Assembl\u00e9e Nationale vole au secours des d\u00e9munis de Gihanga"},"content":{"rendered":"<div id=\"contenu\">\n<table border=\"0\" cellspacing=\"0\" cellpadding=\"0\">\n<tbody>\n<tr>\n<td id=\"texte-article\">\n<div class=\"texte\">\n<p>Plus de cinq tonnes et demi de farine de mais et plus d\u2019une tonne de haricots, telle est la teneur d\u2019une aide collect\u00e9e par l\u2019\u00e9glise FECABU et distribu\u00e9e jeudi 16 f\u00e9vrier 2017 par le Pr\u00e9sident de l\u2019Assembl\u00e9e Nationale \u00e0 plus de 500 familles de la colline de Muyange I, c\u2019est en zone et commune de Gihanga dans la province de Bubanza.<br class=\"autobr\" \/>Dans son mot d\u2019accueil, le Gouverneur de la province de Bubanza, Monsieur Tharcisse NIYONGABO a remerci\u00e9 tous qui ceux qui se donnent pour venir en aide aux familles touch\u00e9es par la famine. Pour sa part, le repr\u00e9sentant de l\u2019Eglise FECABU a fait savoir qu\u2019apr\u00e8s avoir appris que leurs condisciples \u00e9taient menac\u00e9s par la famine, ils ont jug\u00e9 bon de faire des contributions pour leur venir en aide.<br class=\"autobr\" \/>Le Pr\u00e9sident de l\u2019Assembl\u00e9e Nationale a, dans son discours, prodigu\u00e9 des conseils \u00e0 ces habitants de la colline de Muyange I. Le Tr\u00e8s Honorable Pascal NYABENDA leur a demand\u00e9 de ne plus compter sur les aides mais de fournir beaucoup d\u2019efforts pour gagner du pain. Le travail anoblit l\u2019homme, a-t-il d\u00e9clar\u00e9.<\/p>\n<figure id=\"attachment_28710\" style=\"width: 300px\"  class=\"wp-caption alignleft\"><img decoding=\"async\" class=\"size-medium wp-image-28710\" src=\"https:\/\/assemblee.bi\/wp-content\/uploads\/2025\/05\/1321-300x160.jpg\" alt=\"\" width=\"300\" height=\"160\" srcset=\"https:\/\/assemblee.bi\/wp-content\/uploads\/2025\/05\/1321-300x160.jpg 300w, https:\/\/assemblee.bi\/wp-content\/uploads\/2025\/05\/1321.jpg 448w\" sizes=\"(max-width: 300px) 100vw, 300px\" \/><figcaption class=\"wp-caption-text\">Le Tr\u00e8s Honorable Pascal NYABENDA s\u2019adresse \u00e0 la population de Muyange I<\/figcaption><\/figure>\n<p>Le Num\u00e9ro Deux Burundais a ensuite fait savoir que l\u2019agriculture devrait \u00eatre accompagn\u00e9e de l\u2019\u00e9levage du petit b\u00e9tail pour avoir beaucoup de r\u00e9coltes. Tout cela doit \u00eatre accompagn\u00e9 du changement de mentalit\u00e9. Si les al\u00e9as climatiques surviennent, a-t-il fait savoir, la population doit s\u2019adapter cons\u00e9quemment. Il les a \u00e9galement encourag\u00e9s \u00e0 se regrouper dans des associations ou coop\u00e9ratives pour mieux travailler.<br class=\"autobr\" \/>Signalons que la plupart de ces familles sont des d\u00e9munis, regroup\u00e9s dans ce village \u00e0 l\u2019\u00e9poque o\u00f9 l\u2019actuel Pr\u00e9sident de l\u2019Assembl\u00e9e Nationale \u00e9tait Gouverneur de la province de Bubanza.<\/p>\n<\/div>\n<\/td>\n<\/tr>\n<tr>\n<td>\n<div class=\"texte\"><\/div>\n<\/td>\n<\/tr>\n<\/tbody>\n<\/table>\n<\/div>\n<div class=\"entre\"><\/div>\n<div id=\"footer\">\n<div class=\"footer-1\"><\/div>\n<\/div>\n","protected":false},"excerpt":{"rendered":"<p>Plus de cinq tonnes et demi de farine de mais et plus d\u2019une tonne de haricots, telle est la teneur d\u2019une aide collect\u00e9e par l\u2019\u00e9glise FECABU et distribu\u00e9e jeudi 16 [&hellip;]<\/p>\n","protected":false},"author":1,"featured_media":28711,"comment_status":"closed","ping_status":"open","sticky":false,"template":"","format":"standard","meta":{"give_campaign_id":0,"inline_featured_image":false,"footnotes":""},"categories":[4],"tags":[],"class_list":["post-28709","post","type-post","status-publish","format-standard","has-post-thumbnail","hentry","category-descentes-a-linterieur-du-pays"],"_links":{"self":[{"href":"https:\/\/assemblee.bi\/index.php?rest_route=\/wp\/v2\/posts\/28709","targetHints":{"allow":["GET"]}}],"collection":[{"href":"https:\/\/assemblee.bi\/index.php?rest_route=\/wp\/v2\/posts"}],"about":[{"href":"https:\/\/assemblee.bi\/index.php?rest_route=\/wp\/v2\/types\/post"}],"author":[{"embeddable":true,"href":"https:\/\/assemblee.bi\/index.php?rest_route=\/wp\/v2\/users\/1"}],"replies":[{"embeddable":true,"href":"https:\/\/assemblee.bi\/index.php?rest_route=%2Fwp%2Fv2%2Fcomments&post=28709"}],"version-history":[{"count":1,"href":"https:\/\/assemblee.bi\/index.php?rest_route=\/wp\/v2\/posts\/28709\/revisions"}],"predecessor-version":[{"id":28712,"href":"https:\/\/assemblee.bi\/index.php?rest_route=\/wp\/v2\/posts\/28709\/revisions\/28712"}],"wp:featuredmedia":[{"embeddable":true,"href":"https:\/\/assemblee.bi\/index.php?rest_route=\/wp\/v2\/media\/28711"}],"wp:attachment":[{"href":"https:\/\/assemblee.bi\/index.php?rest_route=%2Fwp%2Fv2%2Fmedia&parent=28709"}],"wp:term":[{"taxonomy":"category","embeddable":true,"href":"https:\/\/assemblee.bi\/index.php?rest_route=%2Fwp%2Fv2%2Fcategories&post=28709"},{"taxonomy":"post_tag","embeddable":true,"href":"https:\/\/assemblee.bi\/index.php?rest_route=%2Fwp%2Fv2%2Ftags&post=28709"}],"curies":[{"name":"wp","href":"https:\/\/api.w.org\/{rel}","templated":true}]}}