{"id":28235,"date":"2017-04-05T11:39:06","date_gmt":"2017-04-05T09:39:06","guid":{"rendered":"https:\/\/assemblee.bi\/?p=28235"},"modified":"2025-05-19T11:42:43","modified_gmt":"2025-05-19T09:42:43","slug":"la-delegation-burundaise-rencontre-differentes-autorites-a-dhaka","status":"publish","type":"post","link":"https:\/\/assemblee.bi\/?p=28235","title":{"rendered":"LA DELEGATION BURUNDAISE RENCONTRE DIFFERENTES AUTORITES A DHAKA"},"content":{"rendered":"<p>En marge de sa mission de travail \u00e0 Dhaka en R\u00e9publique Populaire de Bangladesh, la d\u00e9l\u00e9gation Burundaise \u00e0 la t\u00eate de laquelle le Pr\u00e9sident de l\u2019Assembl\u00e9e Nationale Tr\u00e8s Honorable Pascal NYABENDA a rencontr\u00e9 diff\u00e9rentes personnalit\u00e9s en provenance des autres pays membres de l\u2019Union Inter Parlementaire.<\/p>\n<p>Ce Mardi le 4 avril 2017 la d\u00e9l\u00e9gation du Parlement burundais a \u00e9t\u00e9 re\u00e7ue en audience par le Pr\u00e9sident de l\u2019Union Inter Parlementaire, le Tr\u00e8s Honorable Saber Hossain CHOWDHURY. Au cours des \u00e9changes, la d\u00e9l\u00e9gation burundaise a fait une br\u00e8ve pr\u00e9sentation sur la vraie situation politico-s\u00e9curitaire qui r\u00e8gne au Burundi. Le Tr\u00e8s Honorable Pascal NYABENDA s\u2019est r\u00e9joui du fait que la situation politico-s\u00e9curitaire \u00e9volue positivement au niveau de tout le pays. Et d\u2019exhorter l\u2019Union Interparlementaire de continuer \u00e0 appuyer le Burundi dans sa volont\u00e9 de consolider la paix et la d\u00e9mocratie.<\/p>\n<figure id=\"attachment_28238\" style=\"width: 300px\"  class=\"wp-caption alignleft\"><img decoding=\"async\" class=\"size-medium wp-image-28238\" src=\"https:\/\/assemblee.bi\/wp-content\/uploads\/2025\/05\/1447-300x160.jpg\" alt=\"\" width=\"300\" height=\"160\" srcset=\"https:\/\/assemblee.bi\/wp-content\/uploads\/2025\/05\/1447-300x160.jpg 300w, https:\/\/assemblee.bi\/wp-content\/uploads\/2025\/05\/1447.jpg 448w\" sizes=\"(max-width: 300px) 100vw, 300px\" \/><figcaption class=\"wp-caption-text\">Le Pr\u00e9sident de l\u2019Assembl\u00e9e Nationale en audience avec le Secr\u00e9taire G\u00e9n\u00e9ral de l\u2019UIP<\/figcaption><\/figure>\n<p>Le m\u00eame jour, apr\u00e8s l\u2019audience avec le Pr\u00e9sident de l\u2019Assembl\u00e9e de l\u2019Union Inter Parlementaire, ladite d\u00e9l\u00e9gation a \u00e9t\u00e9 \u00e9galement re\u00e7ue en audience par le Secr\u00e9taire G\u00e9n\u00e9ral de l\u2019Union Inter Parlementaire, l\u2019Honorable Martin CHUNGONG. La situation politico-s\u00e9curitaire du Burundi a fait l\u2019objet des \u00e9changes au cours de cette audience.<\/p>\n<p>&nbsp;<\/p>\n<p>&nbsp;<\/p>\n<figure id=\"attachment_28237\" style=\"width: 300px\"  class=\"wp-caption alignleft\"><img decoding=\"async\" class=\"size-medium wp-image-28237\" src=\"https:\/\/assemblee.bi\/wp-content\/uploads\/2025\/05\/1448-300x160.jpg\" alt=\"\" width=\"300\" height=\"160\" srcset=\"https:\/\/assemblee.bi\/wp-content\/uploads\/2025\/05\/1448-300x160.jpg 300w, https:\/\/assemblee.bi\/wp-content\/uploads\/2025\/05\/1448.jpg 448w\" sizes=\"(max-width: 300px) 100vw, 300px\" \/><figcaption class=\"wp-caption-text\">La d\u00e9l\u00e9gation Burundaise en audience avec la d\u00e9l\u00e9gation d\u2019Emirats Arabe Unis<\/figcaption><\/figure>\n<p>Le Num\u00e9ro Deux Burundais a r\u00e9affirm\u00e9 l\u2019\u00e9volution positive de la paix et de la s\u00e9curit\u00e9 au niveau de tout le pays.<br class=\"autobr\" \/>Dans le m\u00eame cadre de s\u2019entretenir avec les membres des autres Parlements, la d\u00e9l\u00e9gation Burundaise s\u2019est entretenue avec la Pr\u00e9sidente du Parlement des Emirats Arabes-Unis, le Tr\u00e8s Honorable Amal al-Qubaisi , c\u2019\u00e9tait dans l\u2019apr\u00e8s-midi du lundi le 3 avril 2017.<\/p>\n<p>&nbsp;<\/p>\n<figure id=\"attachment_28236\" style=\"width: 300px\"  class=\"wp-caption alignleft\"><img decoding=\"async\" class=\"size-medium wp-image-28236\" src=\"https:\/\/assemblee.bi\/wp-content\/uploads\/2025\/05\/1449-300x160.jpg\" alt=\"\" width=\"300\" height=\"160\" srcset=\"https:\/\/assemblee.bi\/wp-content\/uploads\/2025\/05\/1449-300x160.jpg 300w, https:\/\/assemblee.bi\/wp-content\/uploads\/2025\/05\/1449.jpg 448w\" sizes=\"(max-width: 300px) 100vw, 300px\" \/><figcaption class=\"wp-caption-text\">La d\u00e9l\u00e9gation Burundaise en audience le Pr\u00e9sident de l\u2019EALA<\/figcaption><\/figure>\n<p>Les deux d\u00e9l\u00e9gations ont \u00e9chang\u00e9 sur la consolidation des relations de coop\u00e9ration cons\u00e9cutives au m\u00e9morandum sign\u00e9 lors de la visite effectu\u00e9e par le Pr\u00e9sident de l\u2019Assembl\u00e9e Nationale du Burundi aux \u00c9mirats Arabes-Unis sur l\u2019invitation de son homologue, c\u2019\u00e9tait en janvier dernier.<\/p>\n<p>Signalons que dans l\u2019avant midi, le Num\u00e9ro Deux burundais avait d\u2019abord rencontr\u00e9 le Pr\u00e9sident de l\u2019Assembl\u00e9e l\u00e9gislative de la Communaut\u00e9 de l\u2019Afrique de l\u2019Est, le Tr\u00e8s Honorable Daniel Fred KIDEGA. Les \u00e9changes ont port\u00e9 sur la programmation de la prochaine conf\u00e9rence de l\u2019EALA qui se tiendra \u00e0 Bujumbura.<\/p>\n","protected":false},"excerpt":{"rendered":"<p>En marge de sa mission de travail \u00e0 Dhaka en R\u00e9publique Populaire de Bangladesh, la d\u00e9l\u00e9gation Burundaise \u00e0 la t\u00eate de laquelle le Pr\u00e9sident de l\u2019Assembl\u00e9e Nationale Tr\u00e8s Honorable Pascal [&hellip;]<\/p>\n","protected":false},"author":1,"featured_media":28239,"comment_status":"closed","ping_status":"open","sticky":false,"template":"","format":"standard","meta":{"give_campaign_id":0,"inline_featured_image":false,"footnotes":""},"categories":[155],"tags":[],"class_list":["post-28235","post","type-post","status-publish","format-standard","has-post-thumbnail","hentry","category-missions-a-letranger"],"_links":{"self":[{"href":"https:\/\/assemblee.bi\/index.php?rest_route=\/wp\/v2\/posts\/28235","targetHints":{"allow":["GET"]}}],"collection":[{"href":"https:\/\/assemblee.bi\/index.php?rest_route=\/wp\/v2\/posts"}],"about":[{"href":"https:\/\/assemblee.bi\/index.php?rest_route=\/wp\/v2\/types\/post"}],"author":[{"embeddable":true,"href":"https:\/\/assemblee.bi\/index.php?rest_route=\/wp\/v2\/users\/1"}],"replies":[{"embeddable":true,"href":"https:\/\/assemblee.bi\/index.php?rest_route=%2Fwp%2Fv2%2Fcomments&post=28235"}],"version-history":[{"count":1,"href":"https:\/\/assemblee.bi\/index.php?rest_route=\/wp\/v2\/posts\/28235\/revisions"}],"predecessor-version":[{"id":28240,"href":"https:\/\/assemblee.bi\/index.php?rest_route=\/wp\/v2\/posts\/28235\/revisions\/28240"}],"wp:featuredmedia":[{"embeddable":true,"href":"https:\/\/assemblee.bi\/index.php?rest_route=\/wp\/v2\/media\/28239"}],"wp:attachment":[{"href":"https:\/\/assemblee.bi\/index.php?rest_route=%2Fwp%2Fv2%2Fmedia&parent=28235"}],"wp:term":[{"taxonomy":"category","embeddable":true,"href":"https:\/\/assemblee.bi\/index.php?rest_route=%2Fwp%2Fv2%2Fcategories&post=28235"},{"taxonomy":"post_tag","embeddable":true,"href":"https:\/\/assemblee.bi\/index.php?rest_route=%2Fwp%2Fv2%2Ftags&post=28235"}],"curies":[{"name":"wp","href":"https:\/\/api.w.org\/{rel}","templated":true}]}}