{"id":28175,"date":"2017-02-20T10:33:56","date_gmt":"2017-02-20T09:33:56","guid":{"rendered":"https:\/\/assemblee.bi\/?p=28175"},"modified":"2025-05-19T10:36:38","modified_gmt":"2025-05-19T08:36:38","slug":"retour-de-la-deuxieme-vice-presidente-de-lassemblee-nationale-dune-mission-daudition-parlementaire-annuelle-a-new-york","status":"publish","type":"post","link":"https:\/\/assemblee.bi\/?p=28175","title":{"rendered":"Retour de la Deuxi\u00e8me Vice Pr\u00e9sidente de l\u2019Assembl\u00e9e Nationale d\u2019une mission d\u2019audition parlementaire annuelle \u00e0 New York"},"content":{"rendered":"<table border=\"0\" cellspacing=\"0\" cellpadding=\"0\">\n<tbody>\n<tr>\n<td id=\"texte-article\">\n<div class=\"texte\">\n<p>Ce 19 f\u00e9vrier 2017, la Deuxi\u00e8me Vice Pr\u00e9sidente de l\u2019Assembl\u00e9e Nationale l\u2019Honorable Jocky Chantal NKURUNZIZA est rentr\u00e9e d\u2019une mission d\u2019audition parlementaire organis\u00e9e \u00e0 New York par l\u2019Union Inter Parlementaire (UIP). Cette r\u00e9union s\u2019est pench\u00e9e sur la protection du monde bleu, c\u2019est-\u00e0-dire les eaux, les mers, les oc\u00e9ans et les lacs.<\/p>\n<p>La Deuxi\u00e8me vice Pr\u00e9sidente de l\u2019Assembl\u00e9e Nationale, qui conduisait la d\u00e9l\u00e9gation a indiqu\u00e9 \u00e0 la presse que les participants se sont convenus sur les mesures visant \u00e0 prot\u00e9ger les oc\u00e9ans.<br class=\"autobr\" \/>Ces derniers se r\u00e9sument aux lois, aux r\u00e8gles et aux r\u00e8glements sur lesquels ils peuvent tout \u00e0 fait exercer leur influence. Il peut s\u2019agir\u00a0: de mettre en place des sanctuaires marins, de r\u00e9glementer l\u2019industrie de la p\u00eache afin de prot\u00e9ger la p\u00eache artisanale, d\u2019interdire l\u2019utilisation de sacs en plastique et de polystyr\u00e8ne, d\u2019emp\u00eacher que des d\u00e9chets de toutes sortes ne s\u2019accumulent dans les oc\u00e9ans, et finalement d\u2019imposer des r\u00e9ductions strictes d\u2019\u00e9missions de gaz \u00e0 effet de serre.<\/p>\n<p>Les parlementaires du monde ont appel\u00e9 \u00e0 des actions d\u00e9cisives pour endiguer le grave d\u00e9clin de l\u2019\u00e9tat des oc\u00e9ans. L\u2019audition parlementaire de cette ann\u00e9e \u00e0 l\u2019ONU, \u00e0 New York, qui a eu lieu les 13-14 f\u00e9vrier, avait comme th\u00e8me Le monde bleu :pr\u00e9server les oc\u00e9ans, prot\u00e9ger, la plan\u00e8te et assurer le bien-\u00eatre des \u00eatres humains dans le cadre du programme durable \u00e0 l\u2019horizon 2030 \u00bb Organis\u00e9e conjointement par l\u2019UIP et le Bureau du Pr\u00e9sident de l\u2019Assembl\u00e9e g\u00e9n\u00e9rale des Nations Unies, la r\u00e9union a rassembl\u00e9 environ 200 parlementaires du monde entier pour faire avancer l\u2019action parlementaire en vue de r\u00e9aliser l\u2019Objectif de d\u00e9veloppement durable 14 : conserver et exploiter de mani\u00e8re durable les oc\u00e9ans.<\/p>\n<figure id=\"attachment_28177\" style=\"width: 300px\"  class=\"wp-caption alignleft\"><img decoding=\"async\" class=\"size-medium wp-image-28177\" src=\"https:\/\/assemblee.bi\/wp-content\/uploads\/2025\/05\/1332-300x153.jpg\" alt=\"\" width=\"300\" height=\"153\" srcset=\"https:\/\/assemblee.bi\/wp-content\/uploads\/2025\/05\/1332-300x153.jpg 300w, https:\/\/assemblee.bi\/wp-content\/uploads\/2025\/05\/1332.jpg 448w\" sizes=\"(max-width: 300px) 100vw, 300px\" \/><figcaption class=\"wp-caption-text\">La Deuxi\u00e8me Vice Pr\u00e9sidente de l\u2019Assembl\u00e9e Nationale s\u2019exprime devant la presse<\/figcaption><\/figure>\n<p>En marge de cette audition, la Deuxi\u00e8me Vice Pr\u00e9sidente de l\u2019Assembl\u00e9e Nationale a pris part \u00e0 un s\u00e9minaire sur la lutte contre la discrimination l\u00e9gislative \u00e0 l\u2019\u00e9gard des femmes. Au cours de cette rencontre, les participants ont bien not\u00e9 que des r\u00e9formes sont n\u00e9cessaires pour faire dispara\u00eetre la discrimination des lois en particulier \u00e0 l\u2019\u00e9gard des femmes et des filles. Pour le cas du Burundi la Deuxi\u00e8me Vice Pr\u00e9sidente de l\u2019Assembl\u00e9e Nationale l\u2019Honorable NKURUNZIZA Jocky Chantal a indiqu\u00e9 que les femmes sont repr\u00e9sent\u00e9es conform\u00e9ment \u00e0 la constitution.<\/p>\n<p>Organis\u00e9 \u00e0 New York conjointement par ONU Femmes et l\u2019UIP le 14 f\u00e9vrier 2017, ce s\u00e9minaire a r\u00e9uni des repr\u00e9sentants des parlements, des gouvernements, de la soci\u00e9t\u00e9 civile et des organisations internationales dans le but de promouvoir des partenariats pour soutenir l\u2019\u00e9galit\u00e9 des sexes d\u2019ici 2030.<\/p>\n<p>L\u2019Honorable Deuxi\u00e8me Vice Pr\u00e9sidente a rencontr\u00e9 le Secr\u00e9taire G\u00e9n\u00e9ral de l\u2019UIP avec qui, ils ont \u00e9chang\u00e9 sur la situation r\u00e9elle du Burundi, contrairement aux informations relay\u00e9es par les m\u00e9dias. Ce dernier a accept\u00e9 de venir au Burundi dans les jours \u00e0 venir pour voir lui-m\u00eame l\u2019\u00e9tat actuel de la situation.<\/p>\n<\/div>\n<\/td>\n<\/tr>\n<tr>\n<td><\/td>\n<\/tr>\n<\/tbody>\n<\/table>\n","protected":false},"excerpt":{"rendered":"<p>Ce 19 f\u00e9vrier 2017, la Deuxi\u00e8me Vice Pr\u00e9sidente de l\u2019Assembl\u00e9e Nationale l\u2019Honorable Jocky Chantal NKURUNZIZA est rentr\u00e9e d\u2019une mission d\u2019audition parlementaire organis\u00e9e \u00e0 New York par l\u2019Union Inter Parlementaire (UIP). [&hellip;]<\/p>\n","protected":false},"author":1,"featured_media":28178,"comment_status":"closed","ping_status":"open","sticky":false,"template":"","format":"standard","meta":{"give_campaign_id":0,"inline_featured_image":false,"footnotes":""},"categories":[155],"tags":[],"class_list":["post-28175","post","type-post","status-publish","format-standard","has-post-thumbnail","hentry","category-missions-a-letranger"],"_links":{"self":[{"href":"https:\/\/assemblee.bi\/index.php?rest_route=\/wp\/v2\/posts\/28175","targetHints":{"allow":["GET"]}}],"collection":[{"href":"https:\/\/assemblee.bi\/index.php?rest_route=\/wp\/v2\/posts"}],"about":[{"href":"https:\/\/assemblee.bi\/index.php?rest_route=\/wp\/v2\/types\/post"}],"author":[{"embeddable":true,"href":"https:\/\/assemblee.bi\/index.php?rest_route=\/wp\/v2\/users\/1"}],"replies":[{"embeddable":true,"href":"https:\/\/assemblee.bi\/index.php?rest_route=%2Fwp%2Fv2%2Fcomments&post=28175"}],"version-history":[{"count":2,"href":"https:\/\/assemblee.bi\/index.php?rest_route=\/wp\/v2\/posts\/28175\/revisions"}],"predecessor-version":[{"id":28188,"href":"https:\/\/assemblee.bi\/index.php?rest_route=\/wp\/v2\/posts\/28175\/revisions\/28188"}],"wp:featuredmedia":[{"embeddable":true,"href":"https:\/\/assemblee.bi\/index.php?rest_route=\/wp\/v2\/media\/28178"}],"wp:attachment":[{"href":"https:\/\/assemblee.bi\/index.php?rest_route=%2Fwp%2Fv2%2Fmedia&parent=28175"}],"wp:term":[{"taxonomy":"category","embeddable":true,"href":"https:\/\/assemblee.bi\/index.php?rest_route=%2Fwp%2Fv2%2Fcategories&post=28175"},{"taxonomy":"post_tag","embeddable":true,"href":"https:\/\/assemblee.bi\/index.php?rest_route=%2Fwp%2Fv2%2Ftags&post=28175"}],"curies":[{"name":"wp","href":"https:\/\/api.w.org\/{rel}","templated":true}]}}