{"id":27041,"date":"2016-06-26T08:20:19","date_gmt":"2016-06-26T06:20:19","guid":{"rendered":"https:\/\/assemblee.bi\/?p=27041"},"modified":"2025-02-27T09:51:17","modified_gmt":"2025-02-27T08:51:17","slug":"descente-du-president-de-lassemblee-nationale-a-bubanza","status":"publish","type":"post","link":"https:\/\/assemblee.bi\/?p=27041","title":{"rendered":"Descente du Pr\u00e9sident de l\u2019Assembl\u00e9e Nationale \u00e0 Bubanza"},"content":{"rendered":"<p>Ce samedi le 25 Juin 2016, le Pr\u00e9sident de l\u2019Assembl\u00e9e Nationale Tr\u00e8s Honorable Pascal NYABENDA a inaugur\u00e9 le pont qui relie les zones de Bubanza et Muramba, c\u2019est en commune Bubanza. Ce pont avait \u00e9t\u00e9 d\u00e9truit par les fortes pluies qui se sont abattues sur cette localit\u00e9.<\/p>\n<dl class=\"spip_document_2282 spip_documents spip_documents_left\">\n<dt>\n<p><figure id=\"attachment_27047\" style=\"width: 300px\"  class=\"wp-caption alignleft\"><img decoding=\"async\" class=\"size-medium wp-image-27047\" src=\"https:\/\/assemblee.bi\/wp-content\/uploads\/2025\/02\/699-300x160.jpg\" alt=\"\" width=\"300\" height=\"160\" srcset=\"https:\/\/assemblee.bi\/wp-content\/uploads\/2025\/02\/699-300x160.jpg 300w, https:\/\/assemblee.bi\/wp-content\/uploads\/2025\/02\/699.jpg 448w\" sizes=\"(max-width: 300px) 100vw, 300px\" \/><figcaption class=\"wp-caption-text\">Le Pr\u00e9sident de l\u2019Assembl\u00e9e Nationale inaugurant officiellemnt le pont<\/figcaption><\/figure><\/dt>\n<dt class=\"spip_doc_titre\"><\/dt>\n<\/dl>\n<p>Le Pr\u00e9sident de l\u2019Assembl\u00e9e Nationale, lors de l\u2019inauguration de diff\u00e9rentes infrastructures sociales dans cette province le 31 mars 2016, avait promis de r\u00e9habiliter ce pont et que les travaux seront achev\u00e9s avec le mois de Juin. Chose promise chose faite, ce samedi, la population de cette localit\u00e9 \u00e9tait venue pour marcher sur ce pont qui n\u2019\u00e9tait plus fonctionnel il y\u2019avait 8 mois. Ce pont a \u00e9t\u00e9 construit avec un montant de plus de 41 millions de Fbu.<\/p>\n<p>&nbsp;<\/p>\n<dl class=\"spip_document_2283 spip_documents spip_documents_left\">\n<dt>\n<p><figure id=\"attachment_27046\" style=\"width: 300px\"  class=\"wp-caption alignleft\"><img decoding=\"async\" class=\"size-medium wp-image-27046\" src=\"https:\/\/assemblee.bi\/wp-content\/uploads\/2025\/02\/700-300x160.jpg\" alt=\"\" width=\"300\" height=\"160\" srcset=\"https:\/\/assemblee.bi\/wp-content\/uploads\/2025\/02\/700-300x160.jpg 300w, https:\/\/assemblee.bi\/wp-content\/uploads\/2025\/02\/700.jpg 448w\" sizes=\"(max-width: 300px) 100vw, 300px\" \/><figcaption class=\"wp-caption-text\">Le Gouverneur de la province Bubanza entrain de prononcer le mot d\u2019accueil<\/figcaption><\/figure><\/dt>\n<dt class=\"spip_doc_titre\"><\/dt>\n<\/dl>\n<p>Dans son mot d\u2019accueil, le Gouverneur de la province Bubanza a remerci\u00e9 le Pr\u00e9sident de l\u2019Assembl\u00e9e Nationale qui ne cesse d\u2019appuyer la province dans diff\u00e9rents projets de d\u00e9veloppement. Il a fait savoir que quatre ponts avaient \u00e9t\u00e9 d\u00e9truits pendant la p\u00e9riode de pluies, avec la r\u00e9habilitation de celui-l\u00e0, il en reste trois. Il a demand\u00e9 du soutien pour la r\u00e9habilitation de ces trois autres ponts qui ne passent plus. Le Gouverneur NIYONGABO a remerci\u00e9 tous ceux qui se sont donn\u00e9s pour la r\u00e9habilitation de ce pont.<\/p>\n<dl class=\"spip_document_2284 spip_documents spip_documents_center\">\n<dt>\n<p><figure id=\"attachment_27045\" style=\"width: 300px\"  class=\"wp-caption alignleft\"><img decoding=\"async\" class=\"size-medium wp-image-27045\" src=\"https:\/\/assemblee.bi\/wp-content\/uploads\/2025\/02\/701-300x160.jpg\" alt=\"\" width=\"300\" height=\"160\" srcset=\"https:\/\/assemblee.bi\/wp-content\/uploads\/2025\/02\/701-300x160.jpg 300w, https:\/\/assemblee.bi\/wp-content\/uploads\/2025\/02\/701.jpg 448w\" sizes=\"(max-width: 300px) 100vw, 300px\" \/><figcaption class=\"wp-caption-text\">Le Pr\u00e9sident de l\u2019Assembl\u00e9e Nationale ntrain de prononcer son discours<\/figcaption><\/figure><\/dt>\n<dt class=\"spip_doc_titre\"><\/dt>\n<\/dl>\n<p>Dans son discours, le Pr\u00e9sident de l\u2019Assembl\u00e9e Nationale Tr\u00e8s Honorable Pascal NYABENDA s\u2019est r\u00e9joui que les travaux de construction de ce pont soient achev\u00e9s dans les d\u00e9lais pr\u00e9vus. Il a indiqu\u00e9 que ce travail s\u2019est bien r\u00e9alis\u00e9 parce que les gens se sont mis ensemble et ont unis leurs forces. Il a ajout\u00e9 que quand les gens se mettent ensemble, ils peuvent r\u00e9aliser de grandes choses.<\/p>\n<figure id=\"attachment_27044\" style=\"width: 300px\"  class=\"wp-caption alignleft\"><img loading=\"lazy\" decoding=\"async\" class=\"size-medium wp-image-27044\" src=\"https:\/\/assemblee.bi\/wp-content\/uploads\/2025\/02\/702-300x160.jpg\" alt=\"\" width=\"300\" height=\"160\" srcset=\"https:\/\/assemblee.bi\/wp-content\/uploads\/2025\/02\/702-300x160.jpg 300w, https:\/\/assemblee.bi\/wp-content\/uploads\/2025\/02\/702.jpg 448w\" sizes=\"(max-width: 300px) 100vw, 300px\" \/><figcaption class=\"wp-caption-text\">Le Pr\u00e9sident de l\u2019Assembl\u00e9e Nationale et son \u00e9pouse ont d\u2019abord effectu\u00e9 les travaux communautaires au stade de Bubanza<\/figcaption><\/figure>\n<p>Il a fait savoir que ce pont est d\u2019une grande importance pour le Chef-lieu de la province Bubanza car il vit des marchandises qui viennent de la zone Muramba et les camions qui les acheminent doivent passer par ce pont. Et r\u00e9pondant \u00e0 la dol\u00e9ance du Gouverneur, il a promis de r\u00e9habiliter le pont de la rivi\u00e8re Kidahwe, qui relie les zones de Bubanza et Buvyuko et que les travaux seront termin\u00e9s d\u2019ici le mois de Septembre.<\/p>\n<p>Avant l\u2019inauguration de ce pont, le Pr\u00e9sident de l\u2019Assembl\u00e9e Nationale a d\u2019abord effectu\u00e9 les travaux communautaires de ce samedi 25 Juin 2016 au stade de Bubanza en construction. Il s\u2019agissait de faire le b\u00e9ton destin\u00e9 \u00e0 la construction des colonnes de la tribune. Le Gouverneur Tharcisse NIYONGABO a indiqu\u00e9 que la province est calme et a parl\u00e9 d\u2019un projet de camp de travail pour les jeunes pendant la p\u00e9riode de vacances qui va commencer.<\/p>\n<figure id=\"attachment_27043\" style=\"width: 300px\"  class=\"wp-caption alignleft\"><img loading=\"lazy\" decoding=\"async\" class=\"size-medium wp-image-27043\" src=\"https:\/\/assemblee.bi\/wp-content\/uploads\/2025\/02\/703-300x160.jpg\" alt=\"\" width=\"300\" height=\"160\" srcset=\"https:\/\/assemblee.bi\/wp-content\/uploads\/2025\/02\/703-300x160.jpg 300w, https:\/\/assemblee.bi\/wp-content\/uploads\/2025\/02\/703.jpg 448w\" sizes=\"(max-width: 300px) 100vw, 300px\" \/><figcaption class=\"wp-caption-text\">Le Pr\u00e9sident de l\u2019Assembl\u00e9e Nationale entrain de prononcer son discours apr\u00e8s les travaux communautaires<\/figcaption><\/figure>\n<p>Le Pr\u00e9sident de l\u2019Assembl\u00e9e Nationale a demand\u00e9 \u00e0 la population de s\u2019adonner aux travaux de d\u00e9veloppement et aux parents de s\u2019approprier de la politique de l\u2019\u00e9cole fondamentale. Il a soutenu le projet du camp de travail et a promis son appui. Il n\u2019a pas manqu\u00e9 de demander \u00e0 toute la population de r\u00e9pondre massivement aux c\u00e9r\u00e9monies de la c\u00e9l\u00e9bration 54\u00e8me anniversaire de l\u2019Ind\u00e9pendance du Burundi, le 1er Juillet 2016.<\/p>\n<p>&nbsp;<\/p>\n<p>&nbsp;<\/p>\n<figure id=\"attachment_27042\" style=\"width: 300px\"  class=\"wp-caption alignleft\"><img loading=\"lazy\" decoding=\"async\" class=\"size-medium wp-image-27042\" src=\"https:\/\/assemblee.bi\/wp-content\/uploads\/2025\/02\/704-300x160.jpg\" alt=\"\" width=\"300\" height=\"160\" srcset=\"https:\/\/assemblee.bi\/wp-content\/uploads\/2025\/02\/704-300x160.jpg 300w, https:\/\/assemblee.bi\/wp-content\/uploads\/2025\/02\/704.jpg 448w\" sizes=\"(max-width: 300px) 100vw, 300px\" \/><figcaption class=\"wp-caption-text\">Le Pr\u00e9sident de l\u2019Assembl\u00e9e Nationale a remis des prix aux \u00e9quipes qui ont jou\u00e9<\/figcaption><\/figure>\n<p>Et dans l\u2019apr\u00e8s- midi de ce samedi 25 Juin, le Pr\u00e9sident de l\u2019Assembl\u00e9e Nationale a assist\u00e9 \u00e0 la demi-finale et \u00e0 la finale du tournoi de football entre les zones de la commune Mpanda. Le premier match a oppos\u00e9 la zone Gifugwe \u00e0 la zone Nyamabere et c\u2019est la zone Nyamabere qui a remport\u00e9 le match avec 3 buts \u00e0 0. Le second match a oppos\u00e9 la zone Butembe \u00e0 la zone Murengeza et ce match s\u2019est sold\u00e9 \u00e0 un score de 4 buts \u00e0 0 en faveur de la zone Mrengeza. Les quatre \u00e9quipes qui ont particip\u00e9 aux deux matches ont re\u00e7u des prix de la part du Tr\u00e8s Honorable Pascal NYABENDA et c\u2019est l\u2019\u00e9quipe de MURENGEZA qui a re\u00e7u la coupe.<\/p>\n","protected":false},"excerpt":{"rendered":"<p>Ce samedi le 25 Juin 2016, le Pr\u00e9sident de l\u2019Assembl\u00e9e Nationale Tr\u00e8s Honorable Pascal NYABENDA a inaugur\u00e9 le pont qui relie les zones de Bubanza et Muramba, c\u2019est en commune [&hellip;]<\/p>\n","protected":false},"author":1,"featured_media":27047,"comment_status":"closed","ping_status":"open","sticky":false,"template":"","format":"standard","meta":{"give_campaign_id":0,"inline_featured_image":false,"footnotes":""},"categories":[4],"tags":[],"class_list":["post-27041","post","type-post","status-publish","format-standard","has-post-thumbnail","hentry","category-descentes-a-linterieur-du-pays"],"_links":{"self":[{"href":"https:\/\/assemblee.bi\/index.php?rest_route=\/wp\/v2\/posts\/27041","targetHints":{"allow":["GET"]}}],"collection":[{"href":"https:\/\/assemblee.bi\/index.php?rest_route=\/wp\/v2\/posts"}],"about":[{"href":"https:\/\/assemblee.bi\/index.php?rest_route=\/wp\/v2\/types\/post"}],"author":[{"embeddable":true,"href":"https:\/\/assemblee.bi\/index.php?rest_route=\/wp\/v2\/users\/1"}],"replies":[{"embeddable":true,"href":"https:\/\/assemblee.bi\/index.php?rest_route=%2Fwp%2Fv2%2Fcomments&post=27041"}],"version-history":[{"count":2,"href":"https:\/\/assemblee.bi\/index.php?rest_route=\/wp\/v2\/posts\/27041\/revisions"}],"predecessor-version":[{"id":27073,"href":"https:\/\/assemblee.bi\/index.php?rest_route=\/wp\/v2\/posts\/27041\/revisions\/27073"}],"wp:featuredmedia":[{"embeddable":true,"href":"https:\/\/assemblee.bi\/index.php?rest_route=\/wp\/v2\/media\/27047"}],"wp:attachment":[{"href":"https:\/\/assemblee.bi\/index.php?rest_route=%2Fwp%2Fv2%2Fmedia&parent=27041"}],"wp:term":[{"taxonomy":"category","embeddable":true,"href":"https:\/\/assemblee.bi\/index.php?rest_route=%2Fwp%2Fv2%2Fcategories&post=27041"},{"taxonomy":"post_tag","embeddable":true,"href":"https:\/\/assemblee.bi\/index.php?rest_route=%2Fwp%2Fv2%2Ftags&post=27041"}],"curies":[{"name":"wp","href":"https:\/\/api.w.org\/{rel}","templated":true}]}}