{"id":26466,"date":"2020-02-11T07:12:44","date_gmt":"2020-02-11T06:12:44","guid":{"rendered":"https:\/\/assemblee.bi\/?p=26466"},"modified":"2024-12-03T07:13:15","modified_gmt":"2024-12-03T06:13:15","slug":"questions-orales-avec-debat-a-lendroit-du-ministre-de-la-jeunesse-des-postes-et-des-nouvelles-technologies-dinformation-et-de-communication","status":"publish","type":"post","link":"https:\/\/assemblee.bi\/?p=26466","title":{"rendered":"Questions orales avec d\u00e9bat \u00e0 l\u2019endroit du Ministre de la Jeunesse, des Postes et des nouvelles Technologies d\u2019Information et de Communication"},"content":{"rendered":"<p>La compagnie de t\u00e9l\u00e9phonie, ONATEL se porte \u00e0 merveille, a rassur\u00e9 lundi 10 f\u00e9vrier 2020 le Ministre de la Jeunesse, des Postes et des nouvelles Technologies d\u2019Information et de Communication comme pour calmer les esprits de certains D\u00e9put\u00e9s qui croyaient que la soci\u00e9t\u00e9 \u00e9tait au bord du gouffre. Selon l\u2019Honorable Evelyne BUTOYI, qui s\u2019exprimait au cours de la s\u00e9ance pl\u00e9ni\u00e8re dirig\u00e9e par l\u2019Honorable Agathon RWASA, Premier Vice-Pr\u00e9sident de l\u2019Assembl\u00e9e nationale et consacr\u00e9e aux questions orales avec d\u00e9bat, le Gouvernement a inject\u00e9 des fonds \u00e0 l\u2019ONATEL qui a aussit\u00f4t raviv\u00e9 le secteur de la t\u00e9l\u00e9phonie mobile, l\u2019ONAMOB, avec la connexion \u00e0 haut d\u00e9bit de 3 et 4G. Le Gouvernement a en outre pay\u00e9 les arri\u00e9r\u00e9s et pris en main le projet de privatisation.<\/p>\n<dl class=\"spip_document_5219 spip_documents spip_documents_left\">\n<dt><img fetchpriority=\"high\" decoding=\"async\" class=\"alignleft\" src=\"https:\/\/assemblee.bi\/archive\/IMG\/jpg\/Veve_Ministre.jpg?1581601891\" alt=\"\" width=\"340\" height=\"227\" \/><\/dt>\n<dt class=\"spip_doc_titre\">Par ailleurs, l\u2019Invit\u00e9e du jour en a appel\u00e9 au changement de mentalit\u00e9. Le mieux, a-t-elle sugg\u00e9r\u00e9, est d\u2019\u00e9tablir une distinction entre le t\u00e9l\u00e9phone portable et son possesseur. L\u2019usage du t\u00e9l\u00e9phone portable \u00e0 bon escient est un travail de longue haleine, a-t-elle reconnu avant de conseiller tout un chacun \u00e0 se d\u00e9connecter pour se concentrer \u00e0 son activit\u00e9. S\u2019il s\u2019agit d\u2019une urgence ou d\u2019une communication importante, il faut appeler \u00e0 vive voix son interlocuteur au lieu de lui r\u00e9primander pour n\u2019avoir pas lu le message en temps utile alors qu\u2019il \u00e9tait occup\u00e9 \u00e0 autre chose. Les parents, a-t-elle poursuivi, ont le devoir de sensibiliser leurs enfants sur l\u2019emploi abusif du t\u00e9l\u00e9phone portable. Les jeunes, \u00e0 leur tour, devraient \u00eatre responsables de leurs publications, a-t-elle encore d\u00e9clar\u00e9. Que cela dans dix ans la r\u00e9action de ces jeunes qui se manifestent dans leur nudit\u00e9 sur les r\u00e9seaux sociaux ?, s\u2019est-elle interrog\u00e9e comme pour illustrer ses propos.<\/dt>\n<\/dl>\n<dl class=\"spip_document_5220 spip_documents spip_documents_left\">\n<dt><img decoding=\"async\" class=\"alignright\" src=\"https:\/\/assemblee.bi\/archive\/IMG\/jpg\/Veve_Bureau.jpg?1581602602\" alt=\"\" width=\"340\" height=\"227\" \/><\/dt>\n<dt class=\"spip_doc_titre\"><\/dt>\n<\/dl>\n<p>Concernant la Convention de Malabo de 2014, qui s\u2019attaque \u00e0 la cybercriminalit\u00e9 mais qui n\u2019est pas encore ratifi\u00e9e par le Burundi, l\u2019Honorable Evelyne BUTOYI a affirm\u00e9 son minist\u00e8re est \u00e0 l\u2019\u0153uvre. Actuellement, l\u2019institution est en train d\u2019analyser tous les contours pour arr\u00eater les strat\u00e9gies.<\/p>\n<p>Les antennes de la t\u00e9l\u00e9phonie mobile sont implant\u00e9es ici et l\u00e0 dans le pays. N\u2019y a-t-il pas moyen de fixer une seule antenne, a propos\u00e9 une opinion qui a d\u2019ailleurs avanc\u00e9 que ces antennes seraient nuisibles \u00e0 la sant\u00e9 de la population. Cette m\u00eame population est parfois l\u00e9s\u00e9e quand une compagnie \u00e9rige dans son domaine son antenne, a-t-elle rench\u00e9ri.<\/p>\n<dl class=\"spip_document_5221 spip_documents spip_documents_left\">\n<dt><img decoding=\"async\" class=\"alignleft\" src=\"https:\/\/assemblee.bi\/archive\/IMG\/jpg\/Veve_Intervenant.jpg?1581603000\" alt=\"\" width=\"340\" height=\"227\" \/><\/dt>\n<\/dl>\n<p>Les compagnies de la t\u00e9l\u00e9phonie mobile, a r\u00e9torqu\u00e9 le Ministre de la Jeunesse, des Sports et des nouvelles Technologies d\u2019Information et de Communication, sont des op\u00e9rateurs commerciaux qui se livrent \u00e0 la concurrence, ce qui explique la prolif\u00e9ration des antennes. Cette m\u00eame raison est valable quant \u00e0 la recherche de l\u2019emplacement de l\u2019antenne. C\u2019est de bonne guerre pour un op\u00e9rateur qui trouve le moins disant. Il revient alors \u00e0 la population d\u2019\u00eatre \u00e9veill\u00e9e en se renseignant sur le co\u00fbt de location de l\u2019emplacement d\u2019une antenne chez un tel qui a d\u00e9j\u00e0 conclu ce genre de contrat. N\u00e9anmoins, a-t-elle insist\u00e9, le degr\u00e9 de nuisance devrait \u00eatre minime puisqu\u2019il s\u2019observe des antennes \u00e9rig\u00e9es sur la toiture des immeubles.<\/p>\n<p>Elle a aussi inform\u00e9 la pl\u00e9ni\u00e8re que les fibres optiques de l\u2019ONATEL et BBS sont souterraines au moment o\u00f9 celles de VIETEL sont a\u00e9riennes. A cause de l\u2019enclavement du pays, le co\u00fbt du GB demeure \u00e9lev\u00e9 au Burundi par rapport aux autres pays de la sous-r\u00e9gion qui ont acc\u00e8s \u00e0 l\u2019oc\u00e9an.<\/p>\n","protected":false},"excerpt":{"rendered":"<p>La compagnie de t\u00e9l\u00e9phonie, ONATEL se porte \u00e0 merveille, a rassur\u00e9 lundi 10 f\u00e9vrier 2020 le Ministre de la Jeunesse, des Postes et des nouvelles Technologies d\u2019Information et de Communication [&hellip;]<\/p>\n","protected":false},"author":4,"featured_media":0,"comment_status":"closed","ping_status":"open","sticky":false,"template":"","format":"standard","meta":{"give_campaign_id":0,"inline_featured_image":false,"footnotes":""},"categories":[2],"tags":[],"class_list":["post-26466","post","type-post","status-publish","format-standard","hentry","category-controle-de-laction-gouvernementale"],"_links":{"self":[{"href":"https:\/\/assemblee.bi\/index.php?rest_route=\/wp\/v2\/posts\/26466","targetHints":{"allow":["GET"]}}],"collection":[{"href":"https:\/\/assemblee.bi\/index.php?rest_route=\/wp\/v2\/posts"}],"about":[{"href":"https:\/\/assemblee.bi\/index.php?rest_route=\/wp\/v2\/types\/post"}],"author":[{"embeddable":true,"href":"https:\/\/assemblee.bi\/index.php?rest_route=\/wp\/v2\/users\/4"}],"replies":[{"embeddable":true,"href":"https:\/\/assemblee.bi\/index.php?rest_route=%2Fwp%2Fv2%2Fcomments&post=26466"}],"version-history":[{"count":1,"href":"https:\/\/assemblee.bi\/index.php?rest_route=\/wp\/v2\/posts\/26466\/revisions"}],"predecessor-version":[{"id":26467,"href":"https:\/\/assemblee.bi\/index.php?rest_route=\/wp\/v2\/posts\/26466\/revisions\/26467"}],"wp:attachment":[{"href":"https:\/\/assemblee.bi\/index.php?rest_route=%2Fwp%2Fv2%2Fmedia&parent=26466"}],"wp:term":[{"taxonomy":"category","embeddable":true,"href":"https:\/\/assemblee.bi\/index.php?rest_route=%2Fwp%2Fv2%2Fcategories&post=26466"},{"taxonomy":"post_tag","embeddable":true,"href":"https:\/\/assemblee.bi\/index.php?rest_route=%2Fwp%2Fv2%2Ftags&post=26466"}],"curies":[{"name":"wp","href":"https:\/\/api.w.org\/{rel}","templated":true}]}}