{"id":26163,"date":"2023-09-01T10:08:43","date_gmt":"2023-09-01T08:08:43","guid":{"rendered":"https:\/\/assemblee.bi\/?p=26163"},"modified":"2024-10-15T10:10:44","modified_gmt":"2024-10-15T08:10:44","slug":"la-flambee-des-prix-des-produits-de-premiere-necessite-est-dordre-structurel","status":"publish","type":"post","link":"https:\/\/assemblee.bi\/?p=26163","title":{"rendered":"La flamb\u00e9e des prix des produits de premi\u00e8re n\u00e9cessit\u00e9 est d\u2019ordre structurel"},"content":{"rendered":"<p>La d\u00e9valuation de la monnaie locale se r\u00e9percute sur la flamb\u00e9e des prix des produits de premi\u00e8re n\u00e9cessit\u00e9 dont le sucre, a d\u00e9clar\u00e9 Mercredi 30 ao\u00fbt 2023 le Ministre du Commerce, du Transport, de l\u2019Industrie et du Tourisme. Lors de la s\u00e9ance pl\u00e9ni\u00e8re consacr\u00e9e aux questions orales avec d\u00e9bat, Madame Marie Chantal Nijimbere a \u00e9t\u00e9 plus explicite. En 2017, a-t-elle rappel\u00e9, un dollar am\u00e9ricain qui valait 1.729BIF s\u2019\u00e9change aujourd\u2019hui \u00e0 2.850BIF, soit un taux de d\u00e9valuation de 66.33%. En outre les pi\u00e8ces de rechange import\u00e9es par la SOSUMO s\u2019ach\u00e8tent en devise.<\/p>\n<p>Cependant, les D\u00e9put\u00e9s sont rest\u00e9s sur leur soif. \u00a0\u00bb O\u00f9 se trouve exactement l\u2019impasse\u00a0? ont-ils interrog\u00e9<\/p>\n<p>En ce qui concerne le sucre, la Soci\u00e9t\u00e9 Sucri\u00e8re du Moso (SOSUMO) est consciente de la disparit\u00e9 entre l\u2019offre et la demande, ce qui l\u2019a d\u2019ailleurs pouss\u00e9e \u00e0 importer le sucre \u00e0 hauteur de 50%.<\/p>\n<p><span class=\"spip_document_7618 spip_documents spip_documents_right\"><img decoding=\"async\" class=\"alignleft size-medium wp-image-26165\" src=\"https:\/\/assemblee.bi\/wp-content\/uploads\/2024\/10\/01.2-300x160.jpg\" alt=\"\" width=\"300\" height=\"160\" srcset=\"https:\/\/assemblee.bi\/wp-content\/uploads\/2024\/10\/01.2-300x160.jpg 300w, https:\/\/assemblee.bi\/wp-content\/uploads\/2024\/10\/01.2-1024x546.jpg 1024w, https:\/\/assemblee.bi\/wp-content\/uploads\/2024\/10\/01.2-768x410.jpg 768w, https:\/\/assemblee.bi\/wp-content\/uploads\/2024\/10\/01.2-1536x819.jpg 1536w, https:\/\/assemblee.bi\/wp-content\/uploads\/2024\/10\/01.2-2048x1092.jpg 2048w, https:\/\/assemblee.bi\/wp-content\/uploads\/2024\/10\/01.2-600x320.jpg 600w, https:\/\/assemblee.bi\/wp-content\/uploads\/2024\/10\/01.2-750x400.jpg 750w, https:\/\/assemblee.bi\/wp-content\/uploads\/2024\/10\/01.2-1140x608.jpg 1140w\" sizes=\"(max-width: 300px) 100vw, 300px\" \/><\/span>Le partage \u00e9quitable demeure le n\u0153ud du probl\u00e8me pour certains D\u00e9put\u00e9s qui ont cri\u00e9 au chevauchement des minist\u00e8res. En effet, ont-ils expliqu\u00e9, les d\u00e9rapages trouvent un terrain propice du moment que ce sont les administratifs \u00e0 la base qui dressent les listes des d\u00e9taillants du sucre d\u00e9livr\u00e9 par la SOSUMO.<br class=\"autobr\" \/>Malgr\u00e9 la pr\u00e9sence d\u2019un repr\u00e9sentant du minist\u00e8re du Commerce, du Transport, de l\u2019Industrie et du Tourisme dans chaque province, Madame Marie Chantal Nijimbere exprime son regret quant \u00e0 la complicit\u00e9 et au client\u00e9lisme de certains administratifs impliqu\u00e9s dans la cha\u00eene de distribution du sucre. Et d\u2019ajouter que cette situation est pr\u00e9occupante et n\u00e9cessite une attention particuli\u00e8re afin de garantir l\u2019int\u00e9grit\u00e9 et la transparence des processus de distribution, en pr\u00e9venant et en sanctionnant toute forme de collusion ou de corruption.<\/p>\n<p>Un sac de 50 kg ne d\u00e9passe pas un montant de 166.000BIF \u00e0 la SOSUMO, a analys\u00e9 la pl\u00e9ni\u00e8re qui n\u2019en revient pas quand la population ach\u00e8te ce produit \u00e0 8.000BIF le kilogramme. Nombreux d\u2019ailleurs sont ceux qui ne trouvent m\u00eame pas cette denr\u00e9e rare, signe de l\u2019existence des sp\u00e9culateurs qui la cachent. Donc, le sucre produit \u00e0 la SOSUMO n\u2019arrive pas \u00e0 bon port, a conclu la pl\u00e9ni\u00e8re qui a aussit\u00f4t propos\u00e9 l\u2019aspect structurel comme voie de sortie. La t\u00e2che devrait \u00eatre ais\u00e9e avec l\u2019instauration du syst\u00e8me de budget-moyen, ont comment\u00e9 les repr\u00e9sentants du peuple qui ont \u00e9tabli un parall\u00e9lisme entre le comit\u00e9 de suivi-\u00e9valuation de la cha\u00eene de distribution du sucre au comit\u00e9 mixte de s\u00e9curit\u00e9 a d\u00e9j\u00e0 prouv\u00e9 son efficacit\u00e9.<\/p>\n<p>Le changement d\u2019emballage du sucre import\u00e9 vendu dans les sacs de la SOSUMO a inqui\u00e9t\u00e9 plus d\u2019un D\u00e9put\u00e9<\/p>\n<p>L\u2019op\u00e9ration est monnaie courante en mati\u00e8re de commerce, a tranquillis\u00e9 l\u2019envoy\u00e9e du Gouvernement. Et la pl\u00e9ni\u00e8re de proposer d\u2019importer le sucre d\u00e9j\u00e0 emball\u00e9 dans les sacs sur lesquels sont consign\u00e9s l\u2019embl\u00e8me de la SOSUMO. Le pays de provenance de ce produit devrait aussi figurer sur l\u2019emballage. Outre le respect des normes, le manque \u00e0 gagner sera aussi \u00e9vit\u00e9 quant \u00e0 l\u2019achat des sacs de la SOSUMO et leur couture.<\/p>\n<p>Par ailleurs, c\u2019est en vertu de l\u2019article 82 de la loi budg\u00e9taire, exercice 2023-2024, que les administratifs \u00e0 la base infligent des amendes aux commer\u00e7ants qui majorent le prix, a rassur\u00e9 le membre du Gouvernement.<\/p>\n<p><span class=\"spip_document_7619 spip_documents spip_documents_left\"><img decoding=\"async\" class=\"alignright size-medium wp-image-26166\" src=\"https:\/\/assemblee.bi\/wp-content\/uploads\/2024\/10\/01.3-300x160.jpg\" alt=\"\" width=\"300\" height=\"160\" srcset=\"https:\/\/assemblee.bi\/wp-content\/uploads\/2024\/10\/01.3-300x160.jpg 300w, https:\/\/assemblee.bi\/wp-content\/uploads\/2024\/10\/01.3-1024x546.jpg 1024w, https:\/\/assemblee.bi\/wp-content\/uploads\/2024\/10\/01.3-768x410.jpg 768w, https:\/\/assemblee.bi\/wp-content\/uploads\/2024\/10\/01.3-1536x819.jpg 1536w, https:\/\/assemblee.bi\/wp-content\/uploads\/2024\/10\/01.3-2048x1092.jpg 2048w, https:\/\/assemblee.bi\/wp-content\/uploads\/2024\/10\/01.3-600x320.jpg 600w, https:\/\/assemblee.bi\/wp-content\/uploads\/2024\/10\/01.3-750x400.jpg 750w, https:\/\/assemblee.bi\/wp-content\/uploads\/2024\/10\/01.3-1140x608.jpg 1140w\" sizes=\"(max-width: 300px) 100vw, 300px\" \/><\/span>Mais, ont fait remarquer les D\u00e9put\u00e9s, cette majoration du prix officiel est des fois justifi\u00e9e par l\u2019\u00e9loignement des centres d\u2019approvisionnement des produits Brarudi dont les fournisseurs ont bien assimil\u00e9 la loi du moindre effort. R\u00e9sultat : la p\u00e9riph\u00e9rie est abandonn\u00e9e sans aucune autre forme de proc\u00e8s. Si c\u2019est le commer\u00e7ant de la p\u00e9riph\u00e9rie qui se d\u00e9place pour s\u2019approvisionner \u00e0 ses frais \u00e0 un SSD ou un M\u00e9ga, il en va de soi qu\u2019il majore le prix de vente. Les D\u00e9put\u00e9s plaident pour la variation des produits de la Brarudi en fonction de l\u2019emplacement du commerce, \u00e0 l\u2019instar du carburant.<\/p>\n<p>M\u00eame si la pl\u00e9ni\u00e8re a regrett\u00e9 le caract\u00e8re monopole de la Brarudi, elle a \u00e9t\u00e9 piqu\u00e9e au vif par la d\u00e9t\u00e9rioration rapide de la sant\u00e9 de la population qui consomme au grand jour des boissons alcoolis\u00e9es \u00e0 volume en exc\u00e8s d\u2019alcool en l\u2019occurrence KICK. Des mesures drastiques devraient \u00eatre prises dans les meilleurs d\u00e9lais pour contr\u00f4ler la fabrication de ces produits locaux qui se vendent \u00e0 bon march\u00e9, ont sugg\u00e9r\u00e9 les D\u00e9put\u00e9s qui ont aussi dout\u00e9 des prestations de la BBN. Si cette derni\u00e8re n\u2019est pas bien \u00e9quip\u00e9e pour \u00eatre \u00e0 la hauteur de sa mission, que le Gouvernement redresse la situation, ont-ils plaid\u00e9.<\/p>\n","protected":false},"excerpt":{"rendered":"<p>La d\u00e9valuation de la monnaie locale se r\u00e9percute sur la flamb\u00e9e des prix des produits de premi\u00e8re n\u00e9cessit\u00e9 dont le sucre, a d\u00e9clar\u00e9 Mercredi 30 ao\u00fbt 2023 le Ministre du [&hellip;]<\/p>\n","protected":false},"author":4,"featured_media":26164,"comment_status":"closed","ping_status":"open","sticky":false,"template":"","format":"standard","meta":{"give_campaign_id":0,"inline_featured_image":false,"footnotes":""},"categories":[2],"tags":[],"class_list":["post-26163","post","type-post","status-publish","format-standard","has-post-thumbnail","hentry","category-controle-de-laction-gouvernementale"],"_links":{"self":[{"href":"https:\/\/assemblee.bi\/index.php?rest_route=\/wp\/v2\/posts\/26163","targetHints":{"allow":["GET"]}}],"collection":[{"href":"https:\/\/assemblee.bi\/index.php?rest_route=\/wp\/v2\/posts"}],"about":[{"href":"https:\/\/assemblee.bi\/index.php?rest_route=\/wp\/v2\/types\/post"}],"author":[{"embeddable":true,"href":"https:\/\/assemblee.bi\/index.php?rest_route=\/wp\/v2\/users\/4"}],"replies":[{"embeddable":true,"href":"https:\/\/assemblee.bi\/index.php?rest_route=%2Fwp%2Fv2%2Fcomments&post=26163"}],"version-history":[{"count":1,"href":"https:\/\/assemblee.bi\/index.php?rest_route=\/wp\/v2\/posts\/26163\/revisions"}],"predecessor-version":[{"id":26167,"href":"https:\/\/assemblee.bi\/index.php?rest_route=\/wp\/v2\/posts\/26163\/revisions\/26167"}],"wp:featuredmedia":[{"embeddable":true,"href":"https:\/\/assemblee.bi\/index.php?rest_route=\/wp\/v2\/media\/26164"}],"wp:attachment":[{"href":"https:\/\/assemblee.bi\/index.php?rest_route=%2Fwp%2Fv2%2Fmedia&parent=26163"}],"wp:term":[{"taxonomy":"category","embeddable":true,"href":"https:\/\/assemblee.bi\/index.php?rest_route=%2Fwp%2Fv2%2Fcategories&post=26163"},{"taxonomy":"post_tag","embeddable":true,"href":"https:\/\/assemblee.bi\/index.php?rest_route=%2Fwp%2Fv2%2Ftags&post=26163"}],"curies":[{"name":"wp","href":"https:\/\/api.w.org\/{rel}","templated":true}]}}