{"id":25337,"date":"2023-11-27T11:42:35","date_gmt":"2023-11-27T10:42:35","guid":{"rendered":"https:\/\/assemblee.bi\/?p=25337"},"modified":"2024-09-17T11:43:17","modified_gmt":"2024-09-17T09:43:17","slug":"leducation-de-la-jeune-generation-une-condition-sine-qua-none-a-latteinte-de-la-vision-2040-2060","status":"publish","type":"post","link":"https:\/\/assemblee.bi\/?p=25337","title":{"rendered":"L\u2019\u00e9ducation de la jeune g\u00e9n\u00e9ration, une condition sine qua none \u00e0 l\u2019atteinte de la vision 2040-2060"},"content":{"rendered":"<p>L\u2019\u00e9ducation des enfants en tant que futurs leaders, est une des conditions \u00e0 l\u2019atteinte de la vision 2040-2060. L\u2019Honorable Sabine Ntakarutimana, Premier Vice-Pr\u00e9sident de l\u2019Assembl\u00e9e nationale, s\u2019exprimait ainsi samedi le 25 Novembre 2023 devant la population de Mwaro, apr\u00e8s les travaux communautaires effectu\u00e9s en commune Rusaka. Ces travaux consistaient au pavement des salles de classe de l\u2019ECOFO Makamba en extension.<\/p>\n<p><img decoding=\"async\" class=\"alignleft size-medium wp-image-25339\" src=\"https:\/\/assemblee.bi\/wp-content\/uploads\/2024\/09\/25.00-300x160.jpg\" alt=\"\" width=\"300\" height=\"160\" srcset=\"https:\/\/assemblee.bi\/wp-content\/uploads\/2024\/09\/25.00-300x160.jpg 300w, https:\/\/assemblee.bi\/wp-content\/uploads\/2024\/09\/25.00-1024x546.jpg 1024w, https:\/\/assemblee.bi\/wp-content\/uploads\/2024\/09\/25.00-768x409.jpg 768w, https:\/\/assemblee.bi\/wp-content\/uploads\/2024\/09\/25.00-1536x819.jpg 1536w, https:\/\/assemblee.bi\/wp-content\/uploads\/2024\/09\/25.00-600x320.jpg 600w, https:\/\/assemblee.bi\/wp-content\/uploads\/2024\/09\/25.00-750x400.jpg 750w, https:\/\/assemblee.bi\/wp-content\/uploads\/2024\/09\/25.00-1140x608.jpg 1140w, https:\/\/assemblee.bi\/wp-content\/uploads\/2024\/09\/25.00.jpg 1600w\" sizes=\"(max-width: 300px) 100vw, 300px\" \/>Ce projet communautaire de construire cette \u00e9cole montre l\u2019engagement de la population \u00e0 garantir l\u2019\u00e9ducation pour tous les enfants, une des conditions qui va mat\u00e9rialiser la vision 2040-2060.<br \/>\nLes enseignants sont donc appel\u00e9s \u00e0 y consacrer leurs efforts. Enseigner ce n\u2019est pas seulement dispenser les cours, c\u2019est aussi inculquer de bonnes valeurs morales de nos anc\u00eatres, tout en pr\u00eachant par l\u2019exemple, a ajout\u00e9 l\u2019Honorable Sabine Ntakarutimana.<\/p>\n<p>&nbsp;<\/p>\n<p>L\u2019agriculture et l\u2019\u00e9levage \u00e9tant les secteurs vecteurs de croissance \u00e9conomique au Burundi, l\u2019Honorable Premier Vice-Pr\u00e9sident de l\u2019Assembl\u00e9e nationale a sensibilis\u00e9 la population de Mwaro \u00e0 s\u2019y mettre assid\u00fbment. Tout le monde doit conjuguer ses efforts pour accro\u00eetre la production, ce qui doit d\u2019abord se mat\u00e9rialiser dans les m\u00e9nages, au niveau des collines et ainsi au niveau de tout le pays.<\/p>\n<p><img decoding=\"async\" class=\"alignright size-medium wp-image-25341\" src=\"https:\/\/assemblee.bi\/wp-content\/uploads\/2024\/09\/25.0000-300x160.jpg\" alt=\"\" width=\"300\" height=\"160\" srcset=\"https:\/\/assemblee.bi\/wp-content\/uploads\/2024\/09\/25.0000-300x160.jpg 300w, https:\/\/assemblee.bi\/wp-content\/uploads\/2024\/09\/25.0000-1024x546.jpg 1024w, https:\/\/assemblee.bi\/wp-content\/uploads\/2024\/09\/25.0000-768x409.jpg 768w, https:\/\/assemblee.bi\/wp-content\/uploads\/2024\/09\/25.0000-1536x819.jpg 1536w, https:\/\/assemblee.bi\/wp-content\/uploads\/2024\/09\/25.0000-600x320.jpg 600w, https:\/\/assemblee.bi\/wp-content\/uploads\/2024\/09\/25.0000-750x400.jpg 750w, https:\/\/assemblee.bi\/wp-content\/uploads\/2024\/09\/25.0000-1140x608.jpg 1140w, https:\/\/assemblee.bi\/wp-content\/uploads\/2024\/09\/25.0000.jpg 1600w\" sizes=\"(max-width: 300px) 100vw, 300px\" \/>La production agricole suppose aussi la protection de l\u2019environnement par le reboisement des collines d\u00e9nud\u00e9es, surtout en cette p\u00e9riode de pluies.<br \/>\nQui dit d\u00e9veloppement dit paix et s\u00e9curit\u00e9. L\u2019Honorable Sabine Ntakarutimana a donc appel\u00e9 \u00e0 la sauvegarde de la paix et de la s\u00e9curit\u00e9, surtout en cette p\u00e9riode de fin d\u2019ann\u00e9e.<\/p>\n<p>&nbsp;<\/p>\n","protected":false},"excerpt":{"rendered":"<p>L\u2019\u00e9ducation des enfants en tant que futurs leaders, est une des conditions \u00e0 l\u2019atteinte de la vision 2040-2060. L\u2019Honorable Sabine Ntakarutimana, Premier Vice-Pr\u00e9sident de l\u2019Assembl\u00e9e nationale, s\u2019exprimait ainsi samedi le [&hellip;]<\/p>\n","protected":false},"author":4,"featured_media":25338,"comment_status":"closed","ping_status":"open","sticky":false,"template":"","format":"standard","meta":{"give_campaign_id":0,"inline_featured_image":false,"footnotes":""},"categories":[4],"tags":[],"class_list":["post-25337","post","type-post","status-publish","format-standard","has-post-thumbnail","hentry","category-descentes-a-linterieur-du-pays"],"_links":{"self":[{"href":"https:\/\/assemblee.bi\/index.php?rest_route=\/wp\/v2\/posts\/25337","targetHints":{"allow":["GET"]}}],"collection":[{"href":"https:\/\/assemblee.bi\/index.php?rest_route=\/wp\/v2\/posts"}],"about":[{"href":"https:\/\/assemblee.bi\/index.php?rest_route=\/wp\/v2\/types\/post"}],"author":[{"embeddable":true,"href":"https:\/\/assemblee.bi\/index.php?rest_route=\/wp\/v2\/users\/4"}],"replies":[{"embeddable":true,"href":"https:\/\/assemblee.bi\/index.php?rest_route=%2Fwp%2Fv2%2Fcomments&post=25337"}],"version-history":[{"count":1,"href":"https:\/\/assemblee.bi\/index.php?rest_route=\/wp\/v2\/posts\/25337\/revisions"}],"predecessor-version":[{"id":25342,"href":"https:\/\/assemblee.bi\/index.php?rest_route=\/wp\/v2\/posts\/25337\/revisions\/25342"}],"wp:featuredmedia":[{"embeddable":true,"href":"https:\/\/assemblee.bi\/index.php?rest_route=\/wp\/v2\/media\/25338"}],"wp:attachment":[{"href":"https:\/\/assemblee.bi\/index.php?rest_route=%2Fwp%2Fv2%2Fmedia&parent=25337"}],"wp:term":[{"taxonomy":"category","embeddable":true,"href":"https:\/\/assemblee.bi\/index.php?rest_route=%2Fwp%2Fv2%2Fcategories&post=25337"},{"taxonomy":"post_tag","embeddable":true,"href":"https:\/\/assemblee.bi\/index.php?rest_route=%2Fwp%2Fv2%2Ftags&post=25337"}],"curies":[{"name":"wp","href":"https:\/\/api.w.org\/{rel}","templated":true}]}}