{"id":23914,"date":"2024-08-30T10:24:34","date_gmt":"2024-08-30T08:24:34","guid":{"rendered":"https:\/\/assemblee.bi\/?p=23914"},"modified":"2024-08-30T10:24:45","modified_gmt":"2024-08-30T08:24:45","slug":"honorable-gelase-daniel-ndabirabe","status":"publish","type":"post","link":"https:\/\/assemblee.bi\/?p=23914","title":{"rendered":"Honorable Gelase Daniel NDABIRABE"},"content":{"rendered":"<p>Tr\u00e8s Honorable Pr\u00e9sident de l&rsquo;Assembl\u00e9e Nationale<\/p>\n","protected":false},"excerpt":{"rendered":"<p>Tr\u00e8s Honorable Pr\u00e9sident de l&rsquo;Assembl\u00e9e Nationale<\/p>\n","protected":false},"author":1,"featured_media":19611,"comment_status":"closed","ping_status":"open","sticky":false,"template":"","format":"standard","meta":{"give_campaign_id":0,"inline_featured_image":false,"footnotes":""},"categories":[164],"tags":[],"class_list":["post-23914","post","type-post","status-publish","format-standard","has-post-thumbnail","hentry","category-le-bureau-de-lassemblee-nationale"],"_links":{"self":[{"href":"https:\/\/assemblee.bi\/index.php?rest_route=\/wp\/v2\/posts\/23914","targetHints":{"allow":["GET"]}}],"collection":[{"href":"https:\/\/assemblee.bi\/index.php?rest_route=\/wp\/v2\/posts"}],"about":[{"href":"https:\/\/assemblee.bi\/index.php?rest_route=\/wp\/v2\/types\/post"}],"author":[{"embeddable":true,"href":"https:\/\/assemblee.bi\/index.php?rest_route=\/wp\/v2\/users\/1"}],"replies":[{"embeddable":true,"href":"https:\/\/assemblee.bi\/index.php?rest_route=%2Fwp%2Fv2%2Fcomments&post=23914"}],"version-history":[{"count":1,"href":"https:\/\/assemblee.bi\/index.php?rest_route=\/wp\/v2\/posts\/23914\/revisions"}],"predecessor-version":[{"id":23937,"href":"https:\/\/assemblee.bi\/index.php?rest_route=\/wp\/v2\/posts\/23914\/revisions\/23937"}],"wp:featuredmedia":[{"embeddable":true,"href":"https:\/\/assemblee.bi\/index.php?rest_route=\/wp\/v2\/media\/19611"}],"wp:attachment":[{"href":"https:\/\/assemblee.bi\/index.php?rest_route=%2Fwp%2Fv2%2Fmedia&parent=23914"}],"wp:term":[{"taxonomy":"category","embeddable":true,"href":"https:\/\/assemblee.bi\/index.php?rest_route=%2Fwp%2Fv2%2Fcategories&post=23914"},{"taxonomy":"post_tag","embeddable":true,"href":"https:\/\/assemblee.bi\/index.php?rest_route=%2Fwp%2Fv2%2Ftags&post=23914"}],"curies":[{"name":"wp","href":"https:\/\/api.w.org\/{rel}","templated":true}]}}