{"id":23781,"date":"2021-01-17T09:09:50","date_gmt":"2021-01-17T08:09:50","guid":{"rendered":"https:\/\/assemblee.bi\/?p=23781"},"modified":"2024-08-29T09:36:13","modified_gmt":"2024-08-29T07:36:13","slug":"le-premier-vice-president-de-lassemblee-nationale-appuie-a-la-construction-du-bureau-provincial-a-muyinga","status":"publish","type":"post","link":"https:\/\/assemblee.bi\/?p=23781","title":{"rendered":"Le Premier Vice-Pr\u00e9sident de l\u2019Assembl\u00e9e Nationale appuie \u00e0 la construction du bureau provincial \u00e0 Muyinga."},"content":{"rendered":"<p>Samedi le 16 Janvier 2021, le Premier Vice-Pr\u00e9sident de l\u2019Assembl\u00e9e nationale l\u2019Honorable Sabine NTAKARUTIMANA, a effectu\u00e9 les travaux communautaires au chef-lieu de sa province natale de Muyinga, au chantier de construction de l\u2019immeuble \u00e0 3 niveaux qui abritera les bureaux provinciaux. Ces travaux ont \u00e9t\u00e9 organis\u00e9s par l\u2019administration provinciale et ont connu la participation de la population de Muyinga ainsi que d\u2019autres personnalit\u00e9s dont des D\u00e9put\u00e9s, ainsi que les officiers militaires et policiers natifs de cette province regroup\u00e9s au sein de l\u2019association SODEV.<\/p>\n<figure id=\"attachment_23786\" style=\"width: 300px\"  class=\"wp-caption alignleft\"><img decoding=\"async\" class=\"size-medium wp-image-23786\" src=\"https:\/\/assemblee.bi\/wp-content\/uploads\/2024\/08\/2-49-300x160.jpg\" alt=\"\" width=\"300\" height=\"160\" srcset=\"https:\/\/assemblee.bi\/wp-content\/uploads\/2024\/08\/2-49-300x160.jpg 300w, https:\/\/assemblee.bi\/wp-content\/uploads\/2024\/08\/2-49.jpg 448w\" sizes=\"(max-width: 300px) 100vw, 300px\" \/><figcaption class=\"wp-caption-text\">Vue de la population de Muyinga en plein travaux communautaires<\/figcaption><\/figure>\n<p>Il s\u2019agissait de la pr\u00e9paration du b\u00e9ton pour la construction du cha\u00eenage inf\u00e9rieur qui soutiendra l\u2019immeuble. Les travaux sont au niveau du radier g\u00e9n\u00e9ral. Comme l\u2019a indiqu\u00e9 le Gouverneur de la province Muyinga, les travaux de ce samedi requi\u00e8rent une importance capitale car la fondation doit \u00eatre solide pour pouvoir supporter toute l\u2019immeuble qui, selon les ing\u00e9nieurs, peut aller de 4 jusqu\u2019\u00e0 6 niveaux suppl\u00e9mentaires.<\/p>\n<p>&nbsp;<\/p>\n<p>&nbsp;<\/p>\n<dl class=\"spip_document_5640 spip_documents spip_documents_right\"><\/dl>\n<p>Le Gouverneur Jean Claude Batungwanayo a remerci\u00e9 tous ceux qui se sont donn\u00e9s pour la r\u00e9alisation de ces travaux de d\u00e9but et qui ont co\u00fbt\u00e9 jusqu\u2019ici \u00e0 peu pr\u00e8s 200 millions de fbu. C\u2019est notamment les D\u00e9put\u00e9s, les militaires et policiers, les commer\u00e7ants ainsi que d\u2019autres natifs. Et de faire savoir que la prochaine \u00e9tape consistera \u00e0 collecter les cotisations au sein de la population dans les m\u00e9nages, et c\u2019est cet argent collect\u00e9 qui aidera \u00e0 la construction de la premi\u00e8re dalle au mois de mai 2021. Il a alors appel\u00e9 tous les natifs et amis de la province Muyinga de continuer \u00e0 contribuer car le chemin est encore long.<\/p>\n<figure id=\"attachment_23785\" style=\"width: 300px\"  class=\"wp-caption alignleft\"><img decoding=\"async\" class=\"size-medium wp-image-23785\" src=\"https:\/\/assemblee.bi\/wp-content\/uploads\/2024\/08\/3-32-300x160.jpg\" alt=\"\" width=\"300\" height=\"160\" srcset=\"https:\/\/assemblee.bi\/wp-content\/uploads\/2024\/08\/3-32-300x160.jpg 300w, https:\/\/assemblee.bi\/wp-content\/uploads\/2024\/08\/3-32.jpg 448w\" sizes=\"(max-width: 300px) 100vw, 300px\" \/><figcaption class=\"wp-caption-text\">L\u2019Honorable Sabine NTAKARUTIMANA s\u2019adressant \u00e0 la population de Muyinga<\/figcaption><\/figure>\n<p>Dans son discours, le Premier Vice-Pr\u00e9sident de l\u2019Assembl\u00e9e nationale l\u2019Honorable Sabine NTAKARUTIMANA, a d\u2019abord f\u00e9licit\u00e9 l\u2019administration provinciale pour avoir initi\u00e9 cet \u0153uvre. Cet immeuble fera la fiert\u00e9 de la province et lui donnera une belle image. Comme pour Monsieur le Gouverneur, l\u2019Honorable Sabine NTAKARUTIMANA a invit\u00e9 tous les habitants et les amis de Muyinga de continuer \u00e0 contribuer pour atteindre les 2 milliards pr\u00e9vus pour la construction de cet immeuble.<\/p>\n<dl class=\"spip_document_5639 spip_documents spip_documents_left\"><\/dl>\n<p>Le Premier Vice-Pr\u00e9sident de l\u2019Assembl\u00e9e nationale a rappel\u00e9 qu\u2019une fois achev\u00e9e, cette infrastructure publique profitera \u00e0 tout le monde car en effet, le Gouverneur accueillera tout le monde sans distinction et m\u00eame dans les ann\u00e9es \u00e0 venir, ce sont nos enfants qui travailleront dans cet immeuble, pour ainsi dire que tout le monde est concern\u00e9, a indiqu\u00e9 l\u2019Honorable Sabine NTAKARUTIMANA.<\/p>\n<p>Le Premier Vice-Pr\u00e9sident de l\u2019Assembl\u00e9e nationale a \u00e9galement insist\u00e9 sur la lutte contre la COVID-19 au Burundi. En ce moment o\u00f9 de nouveaux cas sont signal\u00e9s, l\u2019Honorable Sabine NTAKARUTIMANA a appel\u00e9 la population \u00e0 continuer \u00e0 mettre en application les mesures de pr\u00e9vention du minist\u00e8re de la Sant\u00e9 Publique et de la Lutte contre le SIDA, surtout que la province de Muyinga se trouve \u00e0 la fronti\u00e8re. En cette p\u00e9riode, la plupart d\u2019autres pays ont exig\u00e9 le confinement, la population burundaise continue encore \u00e0 vaquer \u00e0 ses activit\u00e9s, prot\u00e9geons-nous donc en cons\u00e9quence, et nous vaincrons la maladie.<\/p>\n<figure id=\"attachment_23784\" style=\"width: 300px\"  class=\"wp-caption alignleft\"><img decoding=\"async\" class=\"size-medium wp-image-23784\" src=\"https:\/\/assemblee.bi\/wp-content\/uploads\/2024\/08\/1-54-300x160.jpg\" alt=\"\" width=\"300\" height=\"160\" srcset=\"https:\/\/assemblee.bi\/wp-content\/uploads\/2024\/08\/1-54-300x160.jpg 300w, https:\/\/assemblee.bi\/wp-content\/uploads\/2024\/08\/1-54.jpg 448w\" sizes=\"(max-width: 300px) 100vw, 300px\" \/><figcaption class=\"wp-caption-text\">L\u2019Honorable Sabine NTAKARUTIMANA allant visiter \u00e0 Gasorwe la famille qui a eu des tripl\u00e9s<\/figcaption><\/figure>\n<p>Apr\u00e8s les travaux communautaires, l\u2019Honorable Premier Vice-Pr\u00e9sident de l\u2019Assembl\u00e9e nationale Sabine NTAKARUTIMANA s\u2019est rendue en commune Gasorwe \u00e0 la colline Nyungu o\u00f9 elle a dirig\u00e9 une \u00e9quipe de femmes natives de cette commune pour visiter la famille de Muhitira Elie et Annonciata Niyonkuru qui a eu des tripl\u00e9s (malheureusement un de ces nouveau-n\u00e9s est d\u00e9c\u00e9d\u00e9). Cette \u00e9quipe \u00e9tait porteuse de nombreux cadeaux dont des t\u00f4les, des habits pour les b\u00e9b\u00e9s et leurs parents, des couvertures, des nattes, des vivres (riz et haricot), de la farine de bouillie, du sucre, des savons, des ustensiles de cuisine,\u2026ainsi qu\u2019une enveloppe de soutien.<\/p>\n<p>L\u2019Honorable Sabine NTAKARUTIMANA a f\u00e9licit\u00e9 les parents pour ce beaux cadeau de Dieu que sont les nouveau-n\u00e9s, et a indiqu\u00e9 que l\u2019objectif de cette visite cadre au soutient de cette famille pour avoir perdu un de leur b\u00e9b\u00e9, et leur montrer la solidarit\u00e9 en tant que voisins. Ceci rentre dans la vision du Gouvernement Leta Mvyeyi Leta Nkozi qui appelle \u00e0 la solidarit\u00e9, ce qui est d\u2019ailleurs mat\u00e9rialis\u00e9 par la mise en place d\u2019une journ\u00e9e de solidarit\u00e9 nationale. Elle a appel\u00e9 les voisins de cette famille de l\u2019aider \u00e0 construire une nouvelle maison (l\u2019actuelle maison \u00e9tant d\u00e9labr\u00e9e et couverte de chaume) et la couvrir avec les t\u00f4les que cette \u00e9quipe de femmes venait de lui offrir. L\u2019Honorable Sabine NTAKARUTIMANA a appel\u00e9 cette famille \u00e0 observer les directives du minist\u00e8re charg\u00e9 de la Sant\u00e9 Publique en ce qui concerne le planning familial, mais aussi de faire vacciner leurs enfants et de les garder propres.<\/p>\n<figure id=\"attachment_23783\" style=\"width: 300px\"  class=\"wp-caption alignleft\"><img loading=\"lazy\" decoding=\"async\" class=\"size-medium wp-image-23783\" src=\"https:\/\/assemblee.bi\/wp-content\/uploads\/2024\/08\/9-300x160.jpg\" alt=\"\" width=\"300\" height=\"160\" srcset=\"https:\/\/assemblee.bi\/wp-content\/uploads\/2024\/08\/9-300x160.jpg 300w, https:\/\/assemblee.bi\/wp-content\/uploads\/2024\/08\/9.jpg 448w\" sizes=\"(max-width: 300px) 100vw, 300px\" \/><figcaption class=\"wp-caption-text\">L\u2019Honorable Sabine NTAKARUTIMANA lors des c\u00e9r\u00e9monies d\u2019\u00e9change de voeux entre les officiers militaires et policiers de Muyinga<\/figcaption><\/figure>\n<p>Dans l\u2019apr\u00e8s-midi de ce m\u00eame jour, le Premier Vice-Pr\u00e9sident de l\u2019Assembl\u00e9e nationale l\u2019Honorable Sabine NTAKARUTIMANA a rehauss\u00e9 de sa pr\u00e9sence les c\u00e9r\u00e9monies d\u2019\u00e9change des v\u0153ux du Nouvel an 2021 entre les officiers militaires et policiers natifs de la province Muyinga regroup\u00e9s au sein de l\u2019association SODEV. Ces c\u00e9r\u00e9monies ont eu lieu au chef-lieu de la commune Gasorwe. L\u2019Honorable Sabine NTAKARUTIMANA a f\u00e9licit\u00e9 ces officiers militaires et policiers pour leur esprit patriotique et solidaire, puisque leur association venait de contribuer une somme de 2.500.000FBU pour la construction de l\u2019immeuble qui servira de bureaux provinciaux mais aussi de donner des aides en vivres \u00e0 des familles n\u00e9cessiteuses de Gasorwe.<\/p>\n<figure id=\"attachment_23782\" style=\"width: 300px\"  class=\"wp-caption alignleft\"><img loading=\"lazy\" decoding=\"async\" class=\"size-medium wp-image-23782\" src=\"https:\/\/assemblee.bi\/wp-content\/uploads\/2024\/08\/7-3-300x160.jpg\" alt=\"\" width=\"300\" height=\"160\" srcset=\"https:\/\/assemblee.bi\/wp-content\/uploads\/2024\/08\/7-3-300x160.jpg 300w, https:\/\/assemblee.bi\/wp-content\/uploads\/2024\/08\/7-3.jpg 448w\" sizes=\"(max-width: 300px) 100vw, 300px\" \/><figcaption class=\"wp-caption-text\">Le Premier Vice-Pr\u00e9sident de l\u2019Assembl\u00e9e Nationale donnant un message de pr\u00e9vention de la COVID-19 pendant la messe \u00e0 la paroisse Gasorwe<\/figcaption><\/figure>\n<p>Le lendemain dimanche 17 Janvier 2021, l\u2019Honorable Premier Vice-Pr\u00e9sident de l\u2019Assembl\u00e9e nationale a partag\u00e9 la pri\u00e8re dominicale avec les chr\u00e9tiens de la paroisse catholique de Gasorwe. Cette messe a \u00e9t\u00e9 dite par le Cur\u00e9 de la paroisse qui a insist\u00e9 sur la vocation de propager la parole de Dieu, pour le faire conna\u00eetre \u00e0 travers les nations. L\u00e0 aussi, le Premier Vice-Pr\u00e9sident de l\u2019Assembl\u00e9e nationale a donn\u00e9 aux chr\u00e9tiens un message bas\u00e9 sur la pr\u00e9vention et la lutte contre la COVID-19 en observant les mesures barri\u00e8res tel que stipul\u00e9 par le minist\u00e8re de la Sant\u00e9 Publique et de la Lutte contre le SIDA.<\/p>\n","protected":false},"excerpt":{"rendered":"<p>Samedi le 16 Janvier 2021, le Premier Vice-Pr\u00e9sident de l\u2019Assembl\u00e9e nationale l\u2019Honorable Sabine NTAKARUTIMANA, a effectu\u00e9 les travaux communautaires au chef-lieu de sa province natale de Muyinga, au chantier de [&hellip;]<\/p>\n","protected":false},"author":1,"featured_media":23787,"comment_status":"closed","ping_status":"open","sticky":false,"template":"","format":"standard","meta":{"give_campaign_id":0,"inline_featured_image":false,"footnotes":""},"categories":[4],"tags":[],"class_list":["post-23781","post","type-post","status-publish","format-standard","has-post-thumbnail","hentry","category-descentes-a-linterieur-du-pays"],"_links":{"self":[{"href":"https:\/\/assemblee.bi\/index.php?rest_route=\/wp\/v2\/posts\/23781","targetHints":{"allow":["GET"]}}],"collection":[{"href":"https:\/\/assemblee.bi\/index.php?rest_route=\/wp\/v2\/posts"}],"about":[{"href":"https:\/\/assemblee.bi\/index.php?rest_route=\/wp\/v2\/types\/post"}],"author":[{"embeddable":true,"href":"https:\/\/assemblee.bi\/index.php?rest_route=\/wp\/v2\/users\/1"}],"replies":[{"embeddable":true,"href":"https:\/\/assemblee.bi\/index.php?rest_route=%2Fwp%2Fv2%2Fcomments&post=23781"}],"version-history":[{"count":1,"href":"https:\/\/assemblee.bi\/index.php?rest_route=\/wp\/v2\/posts\/23781\/revisions"}],"predecessor-version":[{"id":23788,"href":"https:\/\/assemblee.bi\/index.php?rest_route=\/wp\/v2\/posts\/23781\/revisions\/23788"}],"wp:featuredmedia":[{"embeddable":true,"href":"https:\/\/assemblee.bi\/index.php?rest_route=\/wp\/v2\/media\/23787"}],"wp:attachment":[{"href":"https:\/\/assemblee.bi\/index.php?rest_route=%2Fwp%2Fv2%2Fmedia&parent=23781"}],"wp:term":[{"taxonomy":"category","embeddable":true,"href":"https:\/\/assemblee.bi\/index.php?rest_route=%2Fwp%2Fv2%2Fcategories&post=23781"},{"taxonomy":"post_tag","embeddable":true,"href":"https:\/\/assemblee.bi\/index.php?rest_route=%2Fwp%2Fv2%2Ftags&post=23781"}],"curies":[{"name":"wp","href":"https:\/\/api.w.org\/{rel}","templated":true}]}}