{"id":22266,"date":"2024-04-14T18:42:49","date_gmt":"2024-04-14T16:42:49","guid":{"rendered":"https:\/\/assemblee.bi\/?p=22266"},"modified":"2024-04-23T14:21:26","modified_gmt":"2024-04-23T12:21:26","slug":"pose-dun-jalon-pour-la-materialisation-de-la-double-vision-2040-et-2060-avec-la-digitalisation-via-le-pafen","status":"publish","type":"post","link":"https:\/\/assemblee.bi\/?p=22266","title":{"rendered":"Pose d&rsquo;un jalon pour la mat\u00e9rialisation de la double vision 2040 et 2060 avec la digitalisation via le PAFEN"},"content":{"rendered":"<p><!--more-->42 millions de dollars am\u00e9ricains, c&rsquo;est l&rsquo;enveloppe destin\u00e9e \u00e0 la modernisation des processus cl\u00e9s de gestion des finances publiques \u00e0 travers le \u00ab\u00a0Projet d&rsquo;Appui aux Fondations de l&rsquo;Economie Num\u00e9rique (PAFEN), a d\u00e9taill\u00e9 le vendredi 12 avril 2024 le Ministre de la communication, des technologies de l&rsquo;information et des m\u00e9dias. Madame L\u00e9ocadie Ndacayisaba d\u00e9fendait en effet le projet de loi portant ratification par la R\u00e9publique du Burundi de l&rsquo;accord de don n\u00b0E2820-BI entre la R\u00e9publique du Burundi et l&rsquo;Association Internationale de D\u00e9veloppement (IDA) relatif au financement additionnel du Projet d&rsquo;Appui aux Fondations de l&rsquo;Economie Num\u00e9rique ( PAFEN), sign\u00e9 \u00e0 Bujumbura, le 25 janvier 2024, projet de loi qui a \u00e9t\u00e9 en fin de compte adopt\u00e9 \u00e0 l&rsquo;unanimit\u00e9.<\/p>\n<p><img fetchpriority=\"high\" decoding=\"async\" class=\"alignleft size-medium wp-image-22268\" src=\"https:\/\/assemblee.bi\/wp-content\/uploads\/2024\/04\/IMG-20240412-WA0075-300x200.jpg\" alt=\"\" width=\"300\" height=\"200\" srcset=\"https:\/\/assemblee.bi\/wp-content\/uploads\/2024\/04\/IMG-20240412-WA0075-300x200.jpg 300w, https:\/\/assemblee.bi\/wp-content\/uploads\/2024\/04\/IMG-20240412-WA0075-1024x683.jpg 1024w, https:\/\/assemblee.bi\/wp-content\/uploads\/2024\/04\/IMG-20240412-WA0075-768x512.jpg 768w, https:\/\/assemblee.bi\/wp-content\/uploads\/2024\/04\/IMG-20240412-WA0075-600x400.jpg 600w, https:\/\/assemblee.bi\/wp-content\/uploads\/2024\/04\/IMG-20240412-WA0075-750x500.jpg 750w, https:\/\/assemblee.bi\/wp-content\/uploads\/2024\/04\/IMG-20240412-WA0075.jpg 1080w\" sizes=\"(max-width: 300px) 100vw, 300px\" \/>Le PAFEN a \u00e9t\u00e9 financ\u00e9 par la Banque mondiale initialement \u00e0 hauteur de 50 millions de dollars am\u00e9ricains, et est entr\u00e9 en vigueur le 28 f\u00e9vrier 2023, a-t-elle rappel\u00e9. Et de pr\u00e9ciser que dans le but de r\u00e9pondre \u00e0 la demande du Gouvernement d&rsquo;\u00e9tendre le champ d&rsquo;action du Pafen, pour prendre en charge la modernisation de la gestion des finances publiques, le Gouvernement a n\u00e9goci\u00e9 un financement suppl\u00e9mentaire d&rsquo;un montant de 42 millions de dollars am\u00e9ricains, aupr\u00e8s de la Banque mondiale.<\/p>\n<p>Ce financement additionnel, a-t-elle insist\u00e9, est destin\u00e9 \u00e0 appuyer la mise en \u0153uvre des activit\u00e9s d&rsquo;une nouvelle sous composante du PAFEN visant la digitalisation de toute la cha\u00eene de la gestion des finances publiques.<\/p>\n<p><img decoding=\"async\" class=\"alignleft size-medium wp-image-22270\" src=\"https:\/\/assemblee.bi\/wp-content\/uploads\/2024\/04\/IMG-20240412-WA0073-300x200.jpg\" alt=\"\" width=\"300\" height=\"200\" srcset=\"https:\/\/assemblee.bi\/wp-content\/uploads\/2024\/04\/IMG-20240412-WA0073-300x200.jpg 300w, https:\/\/assemblee.bi\/wp-content\/uploads\/2024\/04\/IMG-20240412-WA0073-1024x683.jpg 1024w, https:\/\/assemblee.bi\/wp-content\/uploads\/2024\/04\/IMG-20240412-WA0073-768x512.jpg 768w, https:\/\/assemblee.bi\/wp-content\/uploads\/2024\/04\/IMG-20240412-WA0073-600x400.jpg 600w, https:\/\/assemblee.bi\/wp-content\/uploads\/2024\/04\/IMG-20240412-WA0073-750x500.jpg 750w, https:\/\/assemblee.bi\/wp-content\/uploads\/2024\/04\/IMG-20240412-WA0073.jpg 1080w\" sizes=\"(max-width: 300px) 100vw, 300px\" \/>Pour la commission saisie au fond qui voulait \u00eatre rassur\u00e9e de la capacit\u00e9 du Gouvernement \u00e0 fournir des services publics par voie num\u00e9rique avec ce financement additionnel, l&rsquo;Envoy\u00e9e du Gouvernement a r\u00e9pondu que c&rsquo;est un programme \u00e0 long terme qui sera ex\u00e9cut\u00e9 en plusieurs phases.<\/p>\n<p>Cependant, elle a vant\u00e9 le m\u00e9rite de ce financement additionnel octroy\u00e9 sous forme de don, \u00e0 savoir la mise en \u0153uvre effective du compte unique du tr\u00e9sor. Le financement additionnel par sa composante 2.4, a-t-elle expliqu\u00e9, pr\u00e9voit la modernisation de la gestion des finances publiques pour am\u00e9liorer l&rsquo;efficacit\u00e9 et la transparence des processus de gestion des finances publiques gr\u00e2ce \u00e0 une r\u00e9ing\u00e9nierie des processus et au renforcement des capacit\u00e9s soutenus par les technologies num\u00e9riques. Les activit\u00e9s comprendront, a-t-elle d\u00e9taill\u00e9, l&rsquo;assistance technique, l&rsquo;achat et le d\u00e9ploiement de syst\u00e8mes d&rsquo;information et l&rsquo;achat d&rsquo;\u00e9quipements, en se concentrant sur six fonctions de gestion des finances publiques. Et d&rsquo;\u00e9num\u00e9rer : (i) la pr\u00e9paration, l&rsquo;ex\u00e9cution, la comptabilit\u00e9 et le reporting du budget ; (ii) la gestion de la tr\u00e9sorerie ; (iii) l&rsquo;administration des imp\u00f4ts; (iv) la gestion des investissements publics et la coordination des r\u00e9formes ; (v) les march\u00e9s publics ; (iv) et la gestion des ressources humaines et de la paie.<\/p>\n<p><img decoding=\"async\" class=\"alignleft size-medium wp-image-22271\" src=\"https:\/\/assemblee.bi\/wp-content\/uploads\/2024\/04\/IMG-20240412-WA0135-1-300x200.jpg\" alt=\"\" width=\"300\" height=\"200\" srcset=\"https:\/\/assemblee.bi\/wp-content\/uploads\/2024\/04\/IMG-20240412-WA0135-1-300x200.jpg 300w, https:\/\/assemblee.bi\/wp-content\/uploads\/2024\/04\/IMG-20240412-WA0135-1-1024x683.jpg 1024w, https:\/\/assemblee.bi\/wp-content\/uploads\/2024\/04\/IMG-20240412-WA0135-1-768x512.jpg 768w, https:\/\/assemblee.bi\/wp-content\/uploads\/2024\/04\/IMG-20240412-WA0135-1-600x400.jpg 600w, https:\/\/assemblee.bi\/wp-content\/uploads\/2024\/04\/IMG-20240412-WA0135-1-750x500.jpg 750w, https:\/\/assemblee.bi\/wp-content\/uploads\/2024\/04\/IMG-20240412-WA0135-1.jpg 1080w\" sizes=\"(max-width: 300px) 100vw, 300px\" \/>Avec ce financement additionnel, s&rsquo;est-elle r\u00e9jouie, le PAFEN sera dot\u00e9 d&rsquo;une enveloppe de 92 millions pour une dur\u00e9e de 6 ans, avec un objectif de d\u00e9veloppement du projet r\u00e9vis\u00e9 \u00e0 savoir, \u00ab\u00a0Accro\u00eetre l&rsquo;acc\u00e8s \u00e0 l&rsquo;internet haut d\u00e9bit, en particulier pour les communaut\u00e9s mal desservies, et am\u00e9liorer la capacit\u00e9 du gouvernement \u00e0 g\u00e9rer les ressources plus efficacement et fournir des services publics par voie num\u00e9rique\u00a0\u00bb.<\/p>\n<p>D&rsquo;apr\u00e8s l&rsquo;ARCT, l&rsquo;\u00e9tat actuel de desserte en internet au Burundi est estim\u00e9 \u00e0 22,7%. N\u00e9anmoins, a fait esp\u00e9rer le Membre du Gouvernement, le PAFEN vient rem\u00e9dier \u00e0 la situation en majorant ce pourcentage par le biais de la fibre optique qui ne se limitera plus aux chefs-lieux des provinces mais va d\u00e9sormais atteindre tous les coins et recoins du pays et ce, \u00e0 moindre co\u00fbt, pour que tout le monde ait acc\u00e8s \u00e0 l&rsquo;internet.<\/p>\n","protected":false},"excerpt":{"rendered":"","protected":false},"author":2,"featured_media":22267,"comment_status":"closed","ping_status":"open","sticky":false,"template":"","format":"standard","meta":{"give_campaign_id":0,"inline_featured_image":false,"footnotes":""},"categories":[25,30],"tags":[],"class_list":["post-22266","post","type-post","status-publish","format-standard","has-post-thumbnail","hentry","category-actualites-assemblee","category-analyse-et-adoption-en-pleniere"],"_links":{"self":[{"href":"https:\/\/assemblee.bi\/index.php?rest_route=\/wp\/v2\/posts\/22266","targetHints":{"allow":["GET"]}}],"collection":[{"href":"https:\/\/assemblee.bi\/index.php?rest_route=\/wp\/v2\/posts"}],"about":[{"href":"https:\/\/assemblee.bi\/index.php?rest_route=\/wp\/v2\/types\/post"}],"author":[{"embeddable":true,"href":"https:\/\/assemblee.bi\/index.php?rest_route=\/wp\/v2\/users\/2"}],"replies":[{"embeddable":true,"href":"https:\/\/assemblee.bi\/index.php?rest_route=%2Fwp%2Fv2%2Fcomments&post=22266"}],"version-history":[{"count":4,"href":"https:\/\/assemblee.bi\/index.php?rest_route=\/wp\/v2\/posts\/22266\/revisions"}],"predecessor-version":[{"id":22400,"href":"https:\/\/assemblee.bi\/index.php?rest_route=\/wp\/v2\/posts\/22266\/revisions\/22400"}],"wp:featuredmedia":[{"embeddable":true,"href":"https:\/\/assemblee.bi\/index.php?rest_route=\/wp\/v2\/media\/22267"}],"wp:attachment":[{"href":"https:\/\/assemblee.bi\/index.php?rest_route=%2Fwp%2Fv2%2Fmedia&parent=22266"}],"wp:term":[{"taxonomy":"category","embeddable":true,"href":"https:\/\/assemblee.bi\/index.php?rest_route=%2Fwp%2Fv2%2Fcategories&post=22266"},{"taxonomy":"post_tag","embeddable":true,"href":"https:\/\/assemblee.bi\/index.php?rest_route=%2Fwp%2Fv2%2Ftags&post=22266"}],"curies":[{"name":"wp","href":"https:\/\/api.w.org\/{rel}","templated":true}]}}