{"id":22239,"date":"2024-04-05T17:33:08","date_gmt":"2024-04-05T15:33:08","guid":{"rendered":"https:\/\/assemblee.bi\/?p=22239"},"modified":"2024-04-08T17:33:34","modified_gmt":"2024-04-08T15:33:34","slug":"le-financement-additionnel-pour-le-projet-hydroelectrique-de-jiji-et-mulembwe","status":"publish","type":"post","link":"https:\/\/assemblee.bi\/?p=22239","title":{"rendered":"Le financement additionnel pour le projet hydro\u00e9lectrique de Jiji et Mulembwe"},"content":{"rendered":"<p>Les travaux du projet hydro\u00e9lectrique de Jiji et Mulembwe ont repris, a inform\u00e9 le Ministre de l&rsquo;hydraulique, de l&rsquo;\u00e9nergie et des mines, comme pour calmer les esprits des Honorables D\u00e9put\u00e9s qui s&rsquo;inqui\u00e9taient de l&rsquo;arr\u00eat des travaux dans le cadre du projet hydro\u00e9lectrique de Jiji et Mulembwe. N\u00e9anmoins, l\u2019Ing\u00e9nieur Ibrahim Uwizeye, qui d\u00e9fendait le vendredi 05 avril 2024 le projet de loi portant ratification par la R\u00e9publique du Burundi de l&rsquo;accord de financement additionnel du projet hydro\u00e9lectrique de Jiji et Mulembwe, sign\u00e9 \u00e0 Bujumbura en date du 15 f\u00e9vrier 2024, d&rsquo;un montant de 50.000.000 de dollars am\u00e9ricains accord\u00e9 par l&rsquo;Association Internationale pour le D\u00e9veloppement, a fait une mise au point. L&rsquo;interruption des travaux \u00e9tait imputable \u00e0 un malentendu. Le retard de paiement s&rsquo;explique par l&rsquo;attitude adopt\u00e9e par les conducteurs des travaux qui r\u00e9clamaient en dollars le salaire de la main d&rsquo;\u0153uvre locale quand le Gouvernement savait que les nationaux \u00e9taient r\u00e9mun\u00e9r\u00e9s en BIF. Maintenant que les choses sont rentr\u00e9es dans l\u2019ordre, s&rsquo;est-il r\u00e9joui, les travaux ont repris le cours normal.<\/p>\n<p><img fetchpriority=\"high\" decoding=\"async\" class=\"alignleft size-medium wp-image-22241\" src=\"https:\/\/assemblee.bi\/wp-content\/uploads\/2024\/04\/IMG-20240405-WA0050-300x200.jpg\" alt=\"\" width=\"300\" height=\"200\" srcset=\"https:\/\/assemblee.bi\/wp-content\/uploads\/2024\/04\/IMG-20240405-WA0050-300x200.jpg 300w, https:\/\/assemblee.bi\/wp-content\/uploads\/2024\/04\/IMG-20240405-WA0050-1024x682.jpg 1024w, https:\/\/assemblee.bi\/wp-content\/uploads\/2024\/04\/IMG-20240405-WA0050-768x512.jpg 768w, https:\/\/assemblee.bi\/wp-content\/uploads\/2024\/04\/IMG-20240405-WA0050-1536x1023.jpg 1536w, https:\/\/assemblee.bi\/wp-content\/uploads\/2024\/04\/IMG-20240405-WA0050-600x400.jpg 600w, https:\/\/assemblee.bi\/wp-content\/uploads\/2024\/04\/IMG-20240405-WA0050-750x500.jpg 750w, https:\/\/assemblee.bi\/wp-content\/uploads\/2024\/04\/IMG-20240405-WA0050-1140x760.jpg 1140w, https:\/\/assemblee.bi\/wp-content\/uploads\/2024\/04\/IMG-20240405-WA0050.jpg 1600w\" sizes=\"(max-width: 300px) 100vw, 300px\" \/>Vot\u00e9 \u00e0 l&rsquo;unanimit\u00e9, le projet de loi sous consid\u00e9ration a \u00e9t\u00e9 ratifi\u00e9 pour la premi\u00e8re fois en 2013 \u00e0 hauteur de 270.000.000 de dollars am\u00e9ricains, a-t-il rappel\u00e9 avant de d\u00e9plorer que ce montant s&rsquo;est dans l&rsquo;entre temps heurt\u00e9 \u00e0 beaucoup d&#8217;embuches. Et d&rsquo;\u00e9num\u00e9rer la fluctuation mon\u00e9taire sur les montants allou\u00e9s par les partenaires au d\u00e9veloppement au moment des accords de financement initial; le conflit ouvert entre la Russie et l&rsquo;Ukraine qui s&rsquo;est r\u00e9percut\u00e9 sur l&rsquo;augmentation des prix des mat\u00e9riaux sur le march\u00e9 mondial; la prolongation des d\u00e9lais d&rsquo;ach\u00e8vement des travaux \u00e0 cause du Covid-19 et des travaux suppl\u00e9mentaires non pr\u00e9vus initialement; ainsi que la variation importante des travaux pour les am\u00e9nagements hydro\u00e9lectriques de Jiji et Mulembwe et des postes ainsi que des lignes associ\u00e9es, caus\u00e9e par des changements de conception, de dimensionnement des ouvrages \u00e0 la suite des changements des conditions du sol ( conditions g\u00e9otechniques des sites).<\/p>\n<p><img decoding=\"async\" class=\"alignright size-medium wp-image-22242\" src=\"https:\/\/assemblee.bi\/wp-content\/uploads\/2024\/04\/IMG-20240405-WA0043-300x200.jpg\" alt=\"\" width=\"300\" height=\"200\" srcset=\"https:\/\/assemblee.bi\/wp-content\/uploads\/2024\/04\/IMG-20240405-WA0043-300x200.jpg 300w, https:\/\/assemblee.bi\/wp-content\/uploads\/2024\/04\/IMG-20240405-WA0043-1024x682.jpg 1024w, https:\/\/assemblee.bi\/wp-content\/uploads\/2024\/04\/IMG-20240405-WA0043-768x512.jpg 768w, https:\/\/assemblee.bi\/wp-content\/uploads\/2024\/04\/IMG-20240405-WA0043-1536x1023.jpg 1536w, https:\/\/assemblee.bi\/wp-content\/uploads\/2024\/04\/IMG-20240405-WA0043-600x400.jpg 600w, https:\/\/assemblee.bi\/wp-content\/uploads\/2024\/04\/IMG-20240405-WA0043-750x500.jpg 750w, https:\/\/assemblee.bi\/wp-content\/uploads\/2024\/04\/IMG-20240405-WA0043-1140x760.jpg 1140w, https:\/\/assemblee.bi\/wp-content\/uploads\/2024\/04\/IMG-20240405-WA0043.jpg 1600w\" sizes=\"(max-width: 300px) 100vw, 300px\" \/>Pour achever les travaux d&rsquo;am\u00e9nagement des Centrales hydro\u00e9lectriques de Jiji et Mulembwe, a-t-il poursuivi, le Gouvernement a besoin d&rsquo;un financement additionnel d&rsquo;un montant de 102.000.000 de dollars am\u00e9ricains, dont 50.000.000 de dollars am\u00e9ricains seront octroy\u00e9s sous forme de don par l&rsquo;Association Internationale pour le D\u00e9veloppement.<\/p>\n<blockquote><p><img decoding=\"async\" class=\"alignleft size-medium wp-image-22243\" src=\"https:\/\/assemblee.bi\/wp-content\/uploads\/2024\/04\/IMG-20240405-WA0049-300x200.jpg\" alt=\"\" width=\"300\" height=\"200\" srcset=\"https:\/\/assemblee.bi\/wp-content\/uploads\/2024\/04\/IMG-20240405-WA0049-300x200.jpg 300w, https:\/\/assemblee.bi\/wp-content\/uploads\/2024\/04\/IMG-20240405-WA0049-1024x682.jpg 1024w, https:\/\/assemblee.bi\/wp-content\/uploads\/2024\/04\/IMG-20240405-WA0049-768x512.jpg 768w, https:\/\/assemblee.bi\/wp-content\/uploads\/2024\/04\/IMG-20240405-WA0049-1536x1023.jpg 1536w, https:\/\/assemblee.bi\/wp-content\/uploads\/2024\/04\/IMG-20240405-WA0049-600x400.jpg 600w, https:\/\/assemblee.bi\/wp-content\/uploads\/2024\/04\/IMG-20240405-WA0049-750x500.jpg 750w, https:\/\/assemblee.bi\/wp-content\/uploads\/2024\/04\/IMG-20240405-WA0049-1140x760.jpg 1140w, https:\/\/assemblee.bi\/wp-content\/uploads\/2024\/04\/IMG-20240405-WA0049.jpg 1600w\" sizes=\"(max-width: 300px) 100vw, 300px\" \/>Le don s&rsquo;\u00e9l\u00e8ve -t-il \u00e0 50.000.000 de dollars am\u00e9ricains ou \u00e0 13.000.000 de dollars am\u00e9ricains ? ont interrog\u00e9 les D\u00e9put\u00e9s apr\u00e8s avoir appris du Membre de Gouvernement qu&rsquo;un montant de 37.000.000 de dollars am\u00e9ricains serait provenu du projet Soleil Nyakiriza. Comme la composante mini solaire du projet Soleil Nyakiriza avan\u00e7ait au ralenti, a-t-il r\u00e9pondu, les partenaires au d\u00e9veloppement ont d\u00fb r\u00e9cup\u00e9rer leurs fonds. Ainsi, au lieu de n\u00e9gocier l\u2019extension du projet Soleil Nyakiriza, a expliqu\u00e9 le ministre, le Gouvernement a jug\u00e9 bon de plaider pour un don de 50.000.000 de dollars am\u00e9ricains et de l\u2019allouer au projet hydro\u00e9lectrique de Jiji et Mulembwe. Qui plus est, la dur\u00e9e de vie des centrales hydro\u00e9lectriques est plus longue que celle des plaques solaires.<\/p><\/blockquote>\n","protected":false},"excerpt":{"rendered":"<p>Les travaux du projet hydro\u00e9lectrique de Jiji et Mulembwe ont repris, a inform\u00e9 le Ministre de l&rsquo;hydraulique, de l&rsquo;\u00e9nergie et des mines, comme pour calmer les esprits des Honorables D\u00e9put\u00e9s [&hellip;]<\/p>\n","protected":false},"author":2,"featured_media":22240,"comment_status":"closed","ping_status":"open","sticky":false,"template":"","format":"standard","meta":{"give_campaign_id":0,"inline_featured_image":false,"footnotes":""},"categories":[25,30],"tags":[],"class_list":["post-22239","post","type-post","status-publish","format-standard","has-post-thumbnail","hentry","category-actualites-assemblee","category-analyse-et-adoption-en-pleniere"],"_links":{"self":[{"href":"https:\/\/assemblee.bi\/index.php?rest_route=\/wp\/v2\/posts\/22239","targetHints":{"allow":["GET"]}}],"collection":[{"href":"https:\/\/assemblee.bi\/index.php?rest_route=\/wp\/v2\/posts"}],"about":[{"href":"https:\/\/assemblee.bi\/index.php?rest_route=\/wp\/v2\/types\/post"}],"author":[{"embeddable":true,"href":"https:\/\/assemblee.bi\/index.php?rest_route=\/wp\/v2\/users\/2"}],"replies":[{"embeddable":true,"href":"https:\/\/assemblee.bi\/index.php?rest_route=%2Fwp%2Fv2%2Fcomments&post=22239"}],"version-history":[{"count":1,"href":"https:\/\/assemblee.bi\/index.php?rest_route=\/wp\/v2\/posts\/22239\/revisions"}],"predecessor-version":[{"id":22244,"href":"https:\/\/assemblee.bi\/index.php?rest_route=\/wp\/v2\/posts\/22239\/revisions\/22244"}],"wp:featuredmedia":[{"embeddable":true,"href":"https:\/\/assemblee.bi\/index.php?rest_route=\/wp\/v2\/media\/22240"}],"wp:attachment":[{"href":"https:\/\/assemblee.bi\/index.php?rest_route=%2Fwp%2Fv2%2Fmedia&parent=22239"}],"wp:term":[{"taxonomy":"category","embeddable":true,"href":"https:\/\/assemblee.bi\/index.php?rest_route=%2Fwp%2Fv2%2Fcategories&post=22239"},{"taxonomy":"post_tag","embeddable":true,"href":"https:\/\/assemblee.bi\/index.php?rest_route=%2Fwp%2Fv2%2Ftags&post=22239"}],"curies":[{"name":"wp","href":"https:\/\/api.w.org\/{rel}","templated":true}]}}