{"id":21682,"date":"2024-02-12T10:57:41","date_gmt":"2024-02-12T09:57:41","guid":{"rendered":"https:\/\/assemblee.bi\/website\/?p=21682"},"modified":"2024-02-14T11:02:45","modified_gmt":"2024-02-14T10:02:45","slug":"un-bon-leader-est-considere-comme-une-lampe-illuminant-le-developpement","status":"publish","type":"post","link":"https:\/\/assemblee.bi\/?p=21682","title":{"rendered":"Un bon leader est consid\u00e9r\u00e9 comme une lampe illuminant le d\u00e9veloppement"},"content":{"rendered":"<table border=\"0\" cellspacing=\"0\" cellpadding=\"0\">\n<tbody>\n<tr>\n<td id=\"texte-article\">\n<div class=\"texte\">\n<p>Le Premier Vice-Pr\u00e9sident de la Chambre basse du Parlement burundais exhorte les hommes du pouvoir L\u00e9gislatif \u00e0 respecter les lois et r\u00e8glements dans le traitement des dossiers juridictionnels qui leur sont adress\u00e9s. Il faut, dit-elle, \u00e9viter toute forme de discrimination et de corruption en vue d\u2019asseoir une justice \u00e9quitable. Dans ce m\u00eame ordre d\u2019id\u00e9es, elle encourage les m\u00e9diateurs collinaires d\u2019aller de l\u2019avant dans l\u2019accomplissement de la t\u00e2che qui leur est assign\u00e9e, celle de trancher ou trouver des rem\u00e8des face aux conflits ou plaintes de la population avant la saisie des instances judiciaires.<\/p>\n<p><img decoding=\"async\" class=\"size-medium wp-image-21685 alignleft\" src=\"https:\/\/assemblee.bi\/website\/wp-content\/uploads\/2024\/02\/whatsapp_image_2024-02-12_at_14.09.56-300x160.jpg\" alt=\"\" width=\"300\" height=\"160\" srcset=\"https:\/\/assemblee.bi\/wp-content\/uploads\/2024\/02\/whatsapp_image_2024-02-12_at_14.09.56-300x160.jpg 300w, https:\/\/assemblee.bi\/wp-content\/uploads\/2024\/02\/whatsapp_image_2024-02-12_at_14.09.56-600x320.jpg 600w, https:\/\/assemblee.bi\/wp-content\/uploads\/2024\/02\/whatsapp_image_2024-02-12_at_14.09.56-1024x546.jpg 1024w, https:\/\/assemblee.bi\/wp-content\/uploads\/2024\/02\/whatsapp_image_2024-02-12_at_14.09.56-768x410.jpg 768w, https:\/\/assemblee.bi\/wp-content\/uploads\/2024\/02\/whatsapp_image_2024-02-12_at_14.09.56-750x400.jpg 750w, https:\/\/assemblee.bi\/wp-content\/uploads\/2024\/02\/whatsapp_image_2024-02-12_at_14.09.56.jpg 1080w\" sizes=\"(max-width: 300px) 100vw, 300px\" \/>Cette proposition a \u00e9t\u00e9 \u00e9mise le samedi 10 f\u00e9vrier 2024, \u00e0 la colline Murengeza dans la zone Musenyi en province Bubanza ou cette d\u00e9put\u00e9e s\u2019\u00e9tait jointe \u00e0 la population de cette localit\u00e9 lors des travaux de d\u00e9veloppement communautaire centr\u00e9s sur le mixage du sable et du ciment servant au pavement du bureau zonal.<\/p>\n<p>Ce f\u00fbt \u00e9galement l\u2019occasion pour l\u2019Honorable Ntakarutimana d\u2019interpeller les autorit\u00e9s administratives \u00e0 effectuer souvent des descentes sur terrain pour s\u2019impr\u00e9gner de la vie quotidienne de la population, ce qui permettra de conna\u00eetre les probl\u00e8mes rencontr\u00e9s et en trouver de meilleures solutions. Selon le Premier Vice-Pr\u00e9sident de l\u2019Assembl\u00e9e nationale, un bon leader doit \u00eatre consid\u00e9r\u00e9 comme une lampe illuminant le d\u00e9veloppement du pays.<\/p>\n<p>L\u2019Honorable Sabine Ntakarutimana a en outre invit\u00e9 la population de la province Bubanza \u00e0 faire sien la devise et la vision de Son Excellence Monsieur le Pr\u00e9sident de la R\u00e9publique du Burundi, Evariste Ndayishimiye souhaitant que chaque bouche ait \u00e0 manger et chaque poche de l\u2019argent et qu\u2019en 2040, le Burundi soit un pays \u00e9mergent et en 2060 un pays d\u00e9velopp\u00e9. Chaque individu, a-t-elle ajout\u00e9, doit absolument penser \u00e0 un projet de d\u00e9veloppement \u00e0 ex\u00e9cuter pour justement mat\u00e9rialiser cette vision. Ainsi, rench\u00e9rit-elle, cette vision ne peut aboutir en situation d\u2019instabilit\u00e9, raison pour laquelle nous devons s\u2019atteler \u00e0 la pr\u00e9servation de la paix et la s\u00e9curit\u00e9, socle de d\u00e9veloppement, en maintenant la quadrilogie et en d\u00e9non\u00e7ant les malfaiteurs aux instances habilit\u00e9s.<\/p>\n<p><img decoding=\"async\" class=\"size-medium wp-image-21686 alignright\" src=\"https:\/\/assemblee.bi\/website\/wp-content\/uploads\/2024\/02\/whatsapp_image_2024-02-12_at_14.09.54-300x160.jpg\" alt=\"\" width=\"300\" height=\"160\" srcset=\"https:\/\/assemblee.bi\/wp-content\/uploads\/2024\/02\/whatsapp_image_2024-02-12_at_14.09.54-300x160.jpg 300w, https:\/\/assemblee.bi\/wp-content\/uploads\/2024\/02\/whatsapp_image_2024-02-12_at_14.09.54-600x320.jpg 600w, https:\/\/assemblee.bi\/wp-content\/uploads\/2024\/02\/whatsapp_image_2024-02-12_at_14.09.54-1024x546.jpg 1024w, https:\/\/assemblee.bi\/wp-content\/uploads\/2024\/02\/whatsapp_image_2024-02-12_at_14.09.54-768x410.jpg 768w, https:\/\/assemblee.bi\/wp-content\/uploads\/2024\/02\/whatsapp_image_2024-02-12_at_14.09.54-750x400.jpg 750w, https:\/\/assemblee.bi\/wp-content\/uploads\/2024\/02\/whatsapp_image_2024-02-12_at_14.09.54.jpg 1080w\" sizes=\"(max-width: 300px) 100vw, 300px\" \/>Comme la p\u00e9riode \u00e9lectorale sonne \u00e0 la porte, le Premier Vice-Pr\u00e9sident de l\u2019Assembl\u00e9e nationale a demand\u00e9 aux femmes de participer massivement et activement aux travaux de d\u00e9veloppement et de faire en sorte qu\u2019elles occupent des places dans les instances de prise de d\u00e9cisions.<\/p>\n<p>Ces travaux de d\u00e9veloppement avaient aussi vu la participation des parlementaires \u00e9lus dans la circonscription de Bubanza, les autorit\u00e9s administratives, les natifs pour ne citer que ceux-l\u00e0. Et le gouverneur de ladite province, Cl\u00e9ophas Nizigiyimana de demander \u00e0 la population de bien g\u00e9rer la production agricole issue de la saison culturale A et de ne pas tout \u00e9couler aux march\u00e9s.<\/p>\n<\/div>\n<\/td>\n<\/tr>\n<tr>\n<td><\/td>\n<\/tr>\n<\/tbody>\n<\/table>\n","protected":false},"excerpt":{"rendered":"<p>Le Premier Vice-Pr\u00e9sident de la Chambre basse du Parlement burundais exhorte les hommes du pouvoir L\u00e9gislatif \u00e0 respecter les lois et r\u00e8glements dans le traitement des dossiers juridictionnels qui leur [&hellip;]<\/p>\n","protected":false},"author":1,"featured_media":21683,"comment_status":"closed","ping_status":"open","sticky":false,"template":"","format":"standard","meta":{"give_campaign_id":0,"inline_featured_image":false,"footnotes":""},"categories":[25,4],"tags":[],"class_list":["post-21682","post","type-post","status-publish","format-standard","has-post-thumbnail","hentry","category-actualites-assemblee","category-descentes-a-linterieur-du-pays"],"_links":{"self":[{"href":"https:\/\/assemblee.bi\/index.php?rest_route=\/wp\/v2\/posts\/21682","targetHints":{"allow":["GET"]}}],"collection":[{"href":"https:\/\/assemblee.bi\/index.php?rest_route=\/wp\/v2\/posts"}],"about":[{"href":"https:\/\/assemblee.bi\/index.php?rest_route=\/wp\/v2\/types\/post"}],"author":[{"embeddable":true,"href":"https:\/\/assemblee.bi\/index.php?rest_route=\/wp\/v2\/users\/1"}],"replies":[{"embeddable":true,"href":"https:\/\/assemblee.bi\/index.php?rest_route=%2Fwp%2Fv2%2Fcomments&post=21682"}],"version-history":[{"count":3,"href":"https:\/\/assemblee.bi\/index.php?rest_route=\/wp\/v2\/posts\/21682\/revisions"}],"predecessor-version":[{"id":21687,"href":"https:\/\/assemblee.bi\/index.php?rest_route=\/wp\/v2\/posts\/21682\/revisions\/21687"}],"wp:featuredmedia":[{"embeddable":true,"href":"https:\/\/assemblee.bi\/index.php?rest_route=\/wp\/v2\/media\/21683"}],"wp:attachment":[{"href":"https:\/\/assemblee.bi\/index.php?rest_route=%2Fwp%2Fv2%2Fmedia&parent=21682"}],"wp:term":[{"taxonomy":"category","embeddable":true,"href":"https:\/\/assemblee.bi\/index.php?rest_route=%2Fwp%2Fv2%2Fcategories&post=21682"},{"taxonomy":"post_tag","embeddable":true,"href":"https:\/\/assemblee.bi\/index.php?rest_route=%2Fwp%2Fv2%2Ftags&post=21682"}],"curies":[{"name":"wp","href":"https:\/\/api.w.org\/{rel}","templated":true}]}}