{"id":21198,"date":"2024-02-12T09:54:09","date_gmt":"2024-02-12T08:54:09","guid":{"rendered":"https:\/\/assemblee.bi\/website\/?p=21198"},"modified":"2024-04-17T08:09:15","modified_gmt":"2024-04-17T06:09:15","slug":"lois-promulguees-en-2015","status":"publish","type":"post","link":"https:\/\/assemblee.bi\/?p=21198","title":{"rendered":"Lois promulgu\u00e9es en 2015"},"content":{"rendered":"<ol class=\"spip\">\n<li><a href=\"https:\/\/assemblee.bi\/wp-content\/uploads\/2024\/01\/01-du16-janvier-2015.pdf\" class=\"mtli_attachment mtli_pdf\" target=\"_blank\" rel=\"noopener\">Loi n\u00b01\/01 du 16 janvier 2015 portant r\u00e9vision de la loi n\u00b01\/07 du 26 avril 2010 portant code de commerce\u00a0;<\/a><\/li>\n<li><a href=\"https:\/\/assemblee.bi\/wp-content\/uploads\/2024\/01\/03-du-19-janvier-2015.pdf\" class=\"mtli_attachment mtli_pdf\" target=\"_blank\" rel=\"noopener\">Loi n\u00b01\/03 du 19 janvier 2015 portant ratification par la R\u00e9publique du Burundi de la charte de la renaissance culturelle africaine, adopt\u00e9e \u00e0 Kharthoum, les 23 et 24 janvier 2006 ;<\/a><\/li>\n<li><a href=\"https:\/\/assemblee.bi\/wp-content\/uploads\/2024\/01\/04-du-19-janvier-2015.pdf\" class=\"mtli_attachment mtli_pdf\" target=\"_blank\" rel=\"noopener\">Loi n\u00b01\/04 du 19 janvier 2015 portant ratification par la R\u00e9publique du Burundi de l\u2019Accord de pr\u00eat N\u00b0\u00a01604P entre la R\u00e9publique du Burundi et le Fond de l\u2019OPEP pour le D\u00e9veloppement International (OFID) relatif au Programme National pour la S\u00e9curit\u00e9 Alimentaire et le D\u00e9veloppement Rural de l\u2019Imbo et du Moso (PNSADR-IM) sign\u00e9 \u00e0 Berlin le 30 octobre 2014\u00a0;<\/a><\/li>\n<li><a href=\"https:\/\/assemblee.bi\/wp-content\/uploads\/2024\/01\/05-du-27-fevrier-2015.pdf\" class=\"mtli_attachment mtli_pdf\" target=\"_blank\" rel=\"noopener\">Loi n\u00b01\/05 du 27 f\u00e9vrier 2015 portant ratification par la R\u00e9publique du Burundi de l\u2019Accord de financement N\u00b0\u00a0D0250 pour huiti\u00e8me don d\u2019appui \u00e0 la reforme \u00e9conomique (DARE VIII), d\u2019un montant de vingt-cinq millions de dollars am\u00e9ricains, accord\u00e9 par l\u2019Association Internationale de D\u00e9veloppement au Gouvernement de la R\u00e9publique du Burundi pour l\u2019exercice 2014, sign\u00e9 \u00e0 Bujumbura le 19 janvier 2015 entre le Gouvernement de la R\u00e9publique du Burundi et l\u2019Association Internationale de D\u00e9veloppement\u00a0;<\/a><\/li>\n<li><a href=\"https:\/\/assemblee.bi\/wp-content\/uploads\/2024\/01\/06-du-27-fevrier-2015.pdf\" class=\"mtli_attachment mtli_pdf\" target=\"_blank\" rel=\"noopener\">Loi n\u00b01\/06 du 27 f\u00e9vrier 2015 portant ratification par la R\u00e9publique du Burundi de l\u2019Accord de coop\u00e9ration \u00e9conomique et technique entre le Gouvernement de la R\u00e9publique Populaire de Chine et le Gouvernement de la R\u00e9publique du Burundi relatif au financement des projets retenus par les deux Gouvernements, sign\u00e9 \u00e0 Bujumbura le 16 septembre 2011\u00a0;<\/a><\/li>\n<li><a href=\"https:\/\/assemblee.bi\/wp-content\/uploads\/2024\/01\/07-du5-mars-2015.pdf\" class=\"mtli_attachment mtli_pdf\" target=\"_blank\" rel=\"noopener\">Loi n\u00b01\/07 du 05 mars 2015 portant ratification par la R\u00e9publique du Burundi de l\u2019Accord de coop\u00e9ration \u00e9conomique et technique entre le Gouvernement de la R\u00e9publique Populaire de Chine et le Gouvernement de la R\u00e9publique du Burundi relatif au financement des projets de construction du palais pr\u00e9sidentiel et des projets par les deux Gouvernements, sign\u00e9 \u00e0 Bujumbura le 21 ao\u00fbt 2009\u00a0;<\/a><\/li>\n<li><a href=\"https:\/\/assemblee.bi\/wp-content\/uploads\/2024\/01\/08-du16-mars-2015.pdf\" class=\"mtli_attachment mtli_pdf\" target=\"_blank\" rel=\"noopener\">Loi n\u00b01\/08 du 16 mars 2015 portant ratification par la R\u00e9publique du Burundi de l\u2019Accord cadre de coop\u00e9ration entre le Gouvernement de la R\u00e9publique du Burundi et le Gouvernement du royaume du Maroc, sign\u00e9 le 25 octobre 2010 \u00e0 Rabat\u00a0;<\/a><\/li>\n<li><a href=\"https:\/\/assemblee.bi\/wp-content\/uploads\/2024\/01\/09-du19-mars-2015.pdf\" class=\"mtli_attachment mtli_pdf\" target=\"_blank\" rel=\"noopener\">Loi n\u00b01\/09 du 19 mars 2015 portant adh\u00e9sion par la R\u00e9publique du Burundi \u00e0 la Convention de Berne pour la protection des \u0153uvres litt\u00e9raires et artistiques\u00a0;<\/a><\/li>\n<li><a href=\"https:\/\/assemblee.bi\/wp-content\/uploads\/2024\/01\/10-du26-mars-2015.pdf\" class=\"mtli_attachment mtli_pdf\" target=\"_blank\" rel=\"noopener\">Loi n\u00b01\/10 du 26 mars 2015 portant cr\u00e9ation de la province de Rumonge et d\u00e9limitation des provinces de Bujumbura, Bururi et Rumonge ;<\/a><\/li>\n<li><a href=\"https:\/\/assemblee.bi\/wp-content\/uploads\/2024\/01\/15-du9-mai-2015.pdf\" class=\"mtli_attachment mtli_pdf\" target=\"_blank\" rel=\"noopener\">Loi n\u00b01\/15 du 9 Mai 2015 R\u00e9gissant la presse au Burundi ;<\/a><\/li>\n<li><a href=\"https:\/\/assemblee.bi\/wp-content\/uploads\/2024\/01\/16-du-25-mai-2015.pdf\" class=\"mtli_attachment mtli_pdf\" target=\"_blank\" rel=\"noopener\">Loi n\u00b01\/16 du 25 Mai 2015 portant modalit\u00e9s de transfert de comp\u00e9tences de l\u2019Etat aux communes<\/a>.<\/li>\n<\/ol>\n","protected":false},"excerpt":{"rendered":"<p>Loi n\u00b01\/01 du 16 janvier 2015 portant r\u00e9vision de la loi n\u00b01\/07 du 26 avril 2010 portant code de commerce\u00a0; Loi n\u00b01\/03 du 19 janvier 2015 portant ratification par la [&hellip;]<\/p>\n","protected":false},"author":1,"featured_media":0,"comment_status":"closed","ping_status":"open","sticky":false,"template":"","format":"standard","meta":{"give_campaign_id":0,"inline_featured_image":false,"footnotes":""},"categories":[7],"tags":[],"class_list":["post-21198","post","type-post","status-publish","format-standard","hentry","category-lois-promulguees"],"_links":{"self":[{"href":"https:\/\/assemblee.bi\/index.php?rest_route=\/wp\/v2\/posts\/21198","targetHints":{"allow":["GET"]}}],"collection":[{"href":"https:\/\/assemblee.bi\/index.php?rest_route=\/wp\/v2\/posts"}],"about":[{"href":"https:\/\/assemblee.bi\/index.php?rest_route=\/wp\/v2\/types\/post"}],"author":[{"embeddable":true,"href":"https:\/\/assemblee.bi\/index.php?rest_route=\/wp\/v2\/users\/1"}],"replies":[{"embeddable":true,"href":"https:\/\/assemblee.bi\/index.php?rest_route=%2Fwp%2Fv2%2Fcomments&post=21198"}],"version-history":[{"count":6,"href":"https:\/\/assemblee.bi\/index.php?rest_route=\/wp\/v2\/posts\/21198\/revisions"}],"predecessor-version":[{"id":21937,"href":"https:\/\/assemblee.bi\/index.php?rest_route=\/wp\/v2\/posts\/21198\/revisions\/21937"}],"wp:attachment":[{"href":"https:\/\/assemblee.bi\/index.php?rest_route=%2Fwp%2Fv2%2Fmedia&parent=21198"}],"wp:term":[{"taxonomy":"category","embeddable":true,"href":"https:\/\/assemblee.bi\/index.php?rest_route=%2Fwp%2Fv2%2Fcategories&post=21198"},{"taxonomy":"post_tag","embeddable":true,"href":"https:\/\/assemblee.bi\/index.php?rest_route=%2Fwp%2Fv2%2Ftags&post=21198"}],"curies":[{"name":"wp","href":"https:\/\/api.w.org\/{rel}","templated":true}]}}