{"id":20745,"date":"2024-01-22T13:01:00","date_gmt":"2024-01-22T12:01:00","guid":{"rendered":"https:\/\/assemblee.bi\/website\/?p=20745"},"modified":"2024-01-22T13:01:00","modified_gmt":"2024-01-22T12:01:00","slug":"le-flambeau-de-la-paix-une-lampe-eclairant-la-population-2","status":"publish","type":"post","link":"https:\/\/assemblee.bi\/?p=20745","title":{"rendered":"Le Flambeau de la Paix, une lampe \u00e9clairant la population"},"content":{"rendered":"<table border=\"0\" cellspacing=\"0\" cellpadding=\"0\">\n<tbody>\n<tr>\n<td id=\"texte-article\">\n<div class=\"texte\">\n<p>Sous le th\u00e8me \u00ab\u00a0Dans notre solidarit\u00e9 visant un Burundi \u00e9mergent en 2040\u00a0\u00bb, le Flambeau de la Paix 17 \u00e8me Edition fait le tour du pays.<br class=\"autobr\" \/>En marche et en chants rythmiques, la caravane du Flambeau de la Paix en provenance de la commune Gatara, a \u00e9t\u00e9 accueillie le lundi 04 d\u00e9cembre 2023 dans la zone Kabuye de la commune Matongo dans la province Kayanza. Le Pr\u00e9sident de l\u2019Assembl\u00e9e nationale, Tr\u00e8s Honorable Gelase Daniel Ndabirabe natif de cette commune avait rehauss\u00e9 de sa pr\u00e9sence cet \u00e9v\u00e9nement.<\/p>\n<p>Toujours au rythme des pas r\u00e9guliers, le Flambeau de la Paix \u00e0 sa 17 \u00e8me \u00e9dition a \u00e9t\u00e9 achemin\u00e9 au chef-lieu de la commune Matongo. A cet endroit, il a illumin\u00e9 les travaux de pr\u00e9paration du terrain o\u00f9 sera \u00e9rig\u00e9 un immeuble qui servira de bureaux communaux. Apr\u00e8s c\u2019\u00e9tait le tour de la commune Kayanza o\u00f9 le Flambeau de la Paix a illumin\u00e9 les travaux de b\u00e9tonnage de la fondation d\u2019un centre de sant\u00e9 de la localit\u00e9 Mururi.<\/p>\n<p>L\u2019 association Intwararumuri a achemin\u00e9 ce Flambeau de la Paix \u00e0 la rivi\u00e8re Kayave de la commune Kayanza frontali\u00e8re de la commune Kabarore et la population \u00e9tait aux aguets pour l\u2019accueillir. Apr\u00e8s Kabarore, il a \u00e9t\u00e9 dirig\u00e9 vers la commune Muruta plus pr\u00e9cis\u00e9ment \u00e0 l\u2019\u00e9cole fondamentale Kinyinya I o\u00f9 il a illumin\u00e9 les travaux de pavement des salles de classe.<\/p>\n<p>A chaque chantier, le pr\u00e9sident de l\u2019association Intwararumuri, Monsieur Epipode Baranyikwa a accord\u00e9 un don de cinquante (50) sacs de ciment de la part du Pr\u00e9sident de la R\u00e9publique, Son Excellence Evariste Ndayishimiye en guise de contribution aux diff\u00e9rents projets de construction rencontr\u00e9s. Il livrait \u00e9galement un message accompagnant le don allant dans le sens d\u2019interpeller la population \u00e0 s\u2019adonner aux travaux de d\u00e9veloppement en vue de mat\u00e9rialiser la vision du Burundi, pays \u00e9mergent en 2040 et pays d\u00e9velopp\u00e9 en 2060.<\/p>\n<p>Dans ses diff\u00e9rents discours, le Pr\u00e9sident de la Chambre basse du Parlement burundais, Tr\u00e8s Honorable Gelase Daniel Ndabirabe a indiqu\u00e9 que le Flambeau de la Paix est une lampe qui \u00e9claire la population. Selon lui, il constitue l\u2019outil d\u2019auto-\u00e9valuation permettant de lever les forces et les faiblesses face aux projets d\u00e9j\u00e0 r\u00e9alis\u00e9s. Ainsi, a-il ajout\u00e9, il faut aller de l\u2019avant pour ce qui a \u00e9t\u00e9 bon, et pouvoir corriger les r\u00e9sultats n\u00e9gatifs.<\/p>\n<p>En outre, le Tr\u00e8s Honorable Ndabirabe souligne que le Flambeau de la Paix est une source de changement mentalit\u00e9s voire de comportements qui va conduire les burundais \u00e0 atteindre la vision 2040 et 2060.<\/p>\n<\/div>\n<\/td>\n<\/tr>\n<tr>\n<td><\/td>\n<\/tr>\n<\/tbody>\n<\/table>\n","protected":false},"excerpt":{"rendered":"<p>Sous le th\u00e8me \u00ab\u00a0Dans notre solidarit\u00e9 visant un Burundi \u00e9mergent en 2040\u00a0\u00bb, le Flambeau de la Paix 17 \u00e8me Edition fait le tour du pays.En marche et en chants rythmiques, [&hellip;]<\/p>\n","protected":false},"author":1,"featured_media":20746,"comment_status":"closed","ping_status":"open","sticky":false,"template":"","format":"standard","meta":{"give_campaign_id":0,"inline_featured_image":false,"footnotes":""},"categories":[25,4],"tags":[],"class_list":["post-20745","post","type-post","status-publish","format-standard","has-post-thumbnail","hentry","category-actualites-assemblee","category-descentes-a-linterieur-du-pays"],"_links":{"self":[{"href":"https:\/\/assemblee.bi\/index.php?rest_route=\/wp\/v2\/posts\/20745","targetHints":{"allow":["GET"]}}],"collection":[{"href":"https:\/\/assemblee.bi\/index.php?rest_route=\/wp\/v2\/posts"}],"about":[{"href":"https:\/\/assemblee.bi\/index.php?rest_route=\/wp\/v2\/types\/post"}],"author":[{"embeddable":true,"href":"https:\/\/assemblee.bi\/index.php?rest_route=\/wp\/v2\/users\/1"}],"replies":[{"embeddable":true,"href":"https:\/\/assemblee.bi\/index.php?rest_route=%2Fwp%2Fv2%2Fcomments&post=20745"}],"version-history":[{"count":1,"href":"https:\/\/assemblee.bi\/index.php?rest_route=\/wp\/v2\/posts\/20745\/revisions"}],"predecessor-version":[{"id":20747,"href":"https:\/\/assemblee.bi\/index.php?rest_route=\/wp\/v2\/posts\/20745\/revisions\/20747"}],"wp:featuredmedia":[{"embeddable":true,"href":"https:\/\/assemblee.bi\/index.php?rest_route=\/wp\/v2\/media\/20746"}],"wp:attachment":[{"href":"https:\/\/assemblee.bi\/index.php?rest_route=%2Fwp%2Fv2%2Fmedia&parent=20745"}],"wp:term":[{"taxonomy":"category","embeddable":true,"href":"https:\/\/assemblee.bi\/index.php?rest_route=%2Fwp%2Fv2%2Fcategories&post=20745"},{"taxonomy":"post_tag","embeddable":true,"href":"https:\/\/assemblee.bi\/index.php?rest_route=%2Fwp%2Fv2%2Ftags&post=20745"}],"curies":[{"name":"wp","href":"https:\/\/api.w.org\/{rel}","templated":true}]}}