{"id":20004,"date":"2023-11-21T15:14:52","date_gmt":"2023-11-21T14:14:52","guid":{"rendered":"https:\/\/assemblee.bi\/website\/?p=20004"},"modified":"2023-11-21T15:14:52","modified_gmt":"2023-11-21T14:14:52","slug":"amener-le-monde-ensemble-pour-le-changement-global-commence-par-leducation-de-lenfant","status":"publish","type":"post","link":"https:\/\/assemblee.bi\/?p=20004","title":{"rendered":"Amener le monde ensemble pour le changement global commence par l\u2019\u00e9ducation de l\u2019enfant"},"content":{"rendered":"<p>\u00ab\u00a0L\u2019\u00e9ducation de l\u2019enfant est le point de d\u00e9part pour rassembler le monde en vue d\u2019un changement global. C\u2019est en effet en inculquant les valeurs n\u00e9cessaires \u00e0 la construction d\u2019un monde meilleur d\u00e8s le plus jeune \u00e2ge que nous pouvons esp\u00e9rer un avenir plus prometteur sachant que les enfants sont les futurs leaders et d\u00e9cideurs de notre monde, et que leur \u00e9ducation est donc cruciale pour le d\u00e9veloppement durable de notre plan\u00e8te\u00a0\u00bb, dixit le Tr\u00e8s Honorable Gelase Daniel Ndabirabe.<\/p>\n<p>En effet, une d\u00e9l\u00e9gation dirig\u00e9e par le Pr\u00e9sident de la chambre basse du parlement burundais a pris part \u00e0 la 24\u00e8me Conf\u00e9rence Internationale en Inde qui s\u2019est d\u00e9roul\u00e9e du 1er au 7 novembre 2023 \u00e0 Lucknow au cours de laquelle des questions concernant les droits des enfants et leur \u00e9ducation, afin de les pr\u00e9parer \u00e0 devenir des individus responsables et \u00e9panouis ont \u00e9t\u00e9 abord\u00e9es. Des discussions approfondies ont \u00e9galement eu lieu pour trouver des solutions concr\u00e8tes et durables visant \u00e0 garantir un avenir meilleur pour les jeunes g\u00e9n\u00e9rations. La d\u00e9l\u00e9gation burundaise a activement particip\u00e9 aux d\u00e9bats et aux \u00e9changes d\u2019exp\u00e9riences avec les autres pays pr\u00e9sents, dans le but de partager les bonnes pratiques et de renforcer la coop\u00e9ration internationale dans ce domaine crucial.<\/p>\n<p>Aussi bien, de nombreux invit\u00e9s du monde entier \u00e9taient pr\u00e9sents, parmi lesquels figuraient les Pr\u00e9sidents des Cours Supr\u00eames et les professionnels de la justice. Chacun d\u2019entre eux a apport\u00e9 sa contribution en proposant des id\u00e9es pour la mise en place d\u2019institutions visant \u00e0 prot\u00e9ger les enfants. Ces id\u00e9es ont enfin \u00e9t\u00e9 partag\u00e9es et discut\u00e9es dans le but de trouver des solutions concr\u00e8tes et efficaces. Il est essentiel de souligner que ces propositions \u00e9taient encore \u00e0 un stade conceptuel, mais l\u2019engagement et la volont\u00e9 de tous les participants \u00e9taient palpables. La protection des enfants est une priorit\u00e9 absolue et cette r\u00e9union a permis de mettre en lumi\u00e8re l\u2019importance de travailler ensemble pour garantir leur bien-\u00eatre et leur s\u00e9curit\u00e9. Les \u00e9changes ont \u00e9t\u00e9 riches et vari\u00e9s, avec des perspectives diff\u00e9rentes provenant de divers pays et syst\u00e8mes judiciaires. Cette diversit\u00e9 a permis d\u2019enrichir les discussions et de favoriser une approche globale et inclusive. Les participants ont \u00e9galement soulign\u00e9 l\u2019importance de la coop\u00e9ration internationale dans la lutte contre les violences faites aux enfants et ont exprim\u00e9 leur volont\u00e9 de renforcer les collaborations entre les pays.<\/p>\n<p>Le Pr\u00e9sident de l\u2019Assembl\u00e9e nationale du Burundi, Tr\u00e8s Honorable Gelase Daniel Ndabirabe, a r\u00e9pondu aux questions des \u00e9tudiants en soulignant que l\u2019\u00e9ducation de l\u2019enfant est le point de d\u00e9part pour rassembler le monde en faveur du changement global. Il a \u00e9galement mentionn\u00e9 que le Burundi a d\u00e9j\u00e0 mis en place un programme offrant un acc\u00e8s gratuit \u00e0 l\u2019\u00e9ducation de base et aux soins de sant\u00e9 pour les enfants de moins de 5 ans.<\/p>\n<p>Les participants ont \u00e9galement eu l\u2019opportunit\u00e9 de soumettre des id\u00e9es pour cr\u00e9er un document qui permettra de mieux appr\u00e9hender l\u2019encadrement des enfants, afin qu\u2019ils puissent devenir les futurs leaders responsables de leur propre nation ainsi que de la communaut\u00e9 mondiale.<\/p>\n<p>A l\u2019issue de cette Conf\u00e9rence Internationale, la famille Gandhi a eu une rencontre avec la d\u00e9l\u00e9gation de l\u2019Assembl\u00e9e nationale du Burundi qui avait particip\u00e9 \u00e0 cet \u00e9v\u00e9nement du 3 novembre 2023 \u00e0 Lucknow, en Inde. Il est important de souligner que Dr Jagdish Gandhi est le fondateur de City Montessori School, qui a organis\u00e9 cette conf\u00e9rence.<\/p>\n<p>Il convient de souligner qu\u2019\u00e0 la fin de cette conf\u00e9rence, les participants d\u2019honneur ont \u00e9mis et sign\u00e9 une r\u00e9solution contenant des id\u00e9es conceptuelles visant \u00e0 rassembler le monde, prot\u00e9ger les enfants et cr\u00e9er un gouvernement mondial pacifique pour tous.<\/p>\n","protected":false},"excerpt":{"rendered":"<p>\u00ab\u00a0L\u2019\u00e9ducation de l\u2019enfant est le point de d\u00e9part pour rassembler le monde en vue d\u2019un changement global. C\u2019est en effet en inculquant les valeurs n\u00e9cessaires \u00e0 la construction d\u2019un monde [&hellip;]<\/p>\n","protected":false},"author":1,"featured_media":20005,"comment_status":"closed","ping_status":"open","sticky":false,"template":"","format":"standard","meta":{"give_campaign_id":0,"inline_featured_image":false,"footnotes":""},"categories":[22],"tags":[],"class_list":["post-20004","post","type-post","status-publish","format-standard","has-post-thumbnail","hentry","category-evenement"],"_links":{"self":[{"href":"https:\/\/assemblee.bi\/index.php?rest_route=\/wp\/v2\/posts\/20004","targetHints":{"allow":["GET"]}}],"collection":[{"href":"https:\/\/assemblee.bi\/index.php?rest_route=\/wp\/v2\/posts"}],"about":[{"href":"https:\/\/assemblee.bi\/index.php?rest_route=\/wp\/v2\/types\/post"}],"author":[{"embeddable":true,"href":"https:\/\/assemblee.bi\/index.php?rest_route=\/wp\/v2\/users\/1"}],"replies":[{"embeddable":true,"href":"https:\/\/assemblee.bi\/index.php?rest_route=%2Fwp%2Fv2%2Fcomments&post=20004"}],"version-history":[{"count":1,"href":"https:\/\/assemblee.bi\/index.php?rest_route=\/wp\/v2\/posts\/20004\/revisions"}],"predecessor-version":[{"id":20006,"href":"https:\/\/assemblee.bi\/index.php?rest_route=\/wp\/v2\/posts\/20004\/revisions\/20006"}],"wp:featuredmedia":[{"embeddable":true,"href":"https:\/\/assemblee.bi\/index.php?rest_route=\/wp\/v2\/media\/20005"}],"wp:attachment":[{"href":"https:\/\/assemblee.bi\/index.php?rest_route=%2Fwp%2Fv2%2Fmedia&parent=20004"}],"wp:term":[{"taxonomy":"category","embeddable":true,"href":"https:\/\/assemblee.bi\/index.php?rest_route=%2Fwp%2Fv2%2Fcategories&post=20004"},{"taxonomy":"post_tag","embeddable":true,"href":"https:\/\/assemblee.bi\/index.php?rest_route=%2Fwp%2Fv2%2Ftags&post=20004"}],"curies":[{"name":"wp","href":"https:\/\/api.w.org\/{rel}","templated":true}]}}